{"id":20349,"date":"2025-07-15T06:16:00","date_gmt":"2025-07-15T06:16:00","guid":{"rendered":"https:\/\/endoscopiaterapeutica.net\/pt\/?p=20349"},"modified":"2025-06-29T18:28:32","modified_gmt":"2025-06-29T18:28:32","slug":"elaboracao-do-laudo-no-exame-de-capsula-endoscopica-do-intestino-delgado","status":"publish","type":"post","link":"https:\/\/endoscopiaterapeutica.net\/pt\/assuntosgerais\/elaboracao-do-laudo-no-exame-de-capsula-endoscopica-do-intestino-delgado\/","title":{"rendered":"Elabora\u00e7\u00e3o do laudo no exame de c\u00e1psula endosc\u00f3pica do intestino delgado"},"content":{"rendered":"\n<p>O laudo da c\u00e1psula endosc\u00f3pica do intestino delgado \u00e9 um componente crucial no diagn\u00f3stico de diversas patologias gastrointestinais. Sua elabora\u00e7\u00e3o deve ser feita de forma detalhada, sistem\u00e1tica e precisa, uma vez que \u00e9 baseado na an\u00e1lise de uma enorme quantidade de imagens geradas durante o exame. A qualidade desse laudo tem impacto direto tanto no diagn\u00f3stico quanto na condu\u00e7\u00e3o cl\u00ednica do paciente.<\/p>\n\n\n\n<p>O processo de elabora\u00e7\u00e3o do laudo deve seguir uma estrutura l\u00f3gica, que contempla aspectos anat\u00f4micos, localiza\u00e7\u00e3o dos achados, a natureza das altera\u00e7\u00f5es e uma estimativa de sua posi\u00e7\u00e3o dentro do intestino delgado. Inicialmente, o laudo deve apresentar uma vis\u00e3o geral do exame. Devem ser inclu\u00eddas informa\u00e7\u00f5es sobre o tempo de percurso da c\u00e1psula pelo intestino delgado, a qualidade do preparo gastrointestinal e a presen\u00e7a de eventuais artefatos que possam interferir na interpreta\u00e7\u00e3o, como reflexos luminosos, bolhas de ar ou res\u00edduos. Tamb\u00e9m \u00e9 importante relatar qualquer dificuldade t\u00e9cnica, como sobreposi\u00e7\u00e3o de imagens ou imagens obscurecidas, e indicar se houve necessidade de interven\u00e7\u00e3o endosc\u00f3pica adicional. Outro ponto fundamental \u00e9 informar se o exame foi completo, ou seja, se a c\u00e1psula alcan\u00e7ou o ceco.<\/p>\n\n\n\n<p>Em seguida, o laudo deve detalhar as condi\u00e7\u00f5es anat\u00f4micas e patol\u00f3gicas observadas ao longo do exame. Pontos de refer\u00eancia anat\u00f4micos reconhec\u00edveis, como a passagem pelo piloro e pela v\u00e1lvula ileocecal, al\u00e9m de caracter\u00edsticas das pregas intestinais e da vasculariza\u00e7\u00e3o, devem ser utilizados para orientar a descri\u00e7\u00e3o. Apesar das limita\u00e7\u00f5es impostas pelo movimento perist\u00e1ltico, que faz com que a c\u00e1psula avance e retroceda de forma irregular, o exame busca estimar a localiza\u00e7\u00e3o dos achados em segmentos como duodeno, jejuno proximal, m\u00e9dio, distal e \u00edleo terminal.<\/p>\n\n\n\n<p>Para facilitar essa estimativa, adota-se uma divis\u00e3o pragm\u00e1tica baseada no tempo de percurso da c\u00e1psula entre o piloro e o ceco. O tempo total \u00e9 dividido em tr\u00eas partes iguais, correspondendo aproximadamente aos ter\u00e7os proximal, m\u00e9dio e distal do intestino delgado. Assim, mesmo que a c\u00e1psula percorra segmentos de maneira n\u00e3o uniforme \u2014 por exemplo, permanecendo mais tempo em um segmento espec\u00edfico \u2014 os achados s\u00e3o descritos com base nessa divis\u00e3o temporal, o que, embora n\u00e3o totalmente preciso, auxilia no planejamento de interven\u00e7\u00f5es subsequentes, como a enteroscopia. Entender como se estabelece essa poss\u00edvel localiza\u00e7\u00e3o ajuda a quem recebe o laudo a formular a melhor interven\u00e7\u00e3o a ser realizada.<\/p>\n\n\n\n<p>Al\u00e9m da localiza\u00e7\u00e3o, o laudo deve tentar caracterizar detalhadamente os achados. Devem ser descritos o tipo de altera\u00e7\u00e3o observada, sua apar\u00eancia, a distin\u00e7\u00e3o entre anormalidades patol\u00f3gicas e varia\u00e7\u00f5es anat\u00f4micas normais e, se poss\u00edvel, estimar seu tamanho. Entre os achados patol\u00f3gicos mais comuns est\u00e3o \u00falceras, p\u00f3lipos, angiectasias, \u00e1reas de edema e tumores. \u00c9 essencial ainda avaliar se as caracter\u00edsticas das les\u00f5es sugerem benignidade ou malignidade, informa\u00e7\u00f5es que s\u00e3o fundamentais para guiar a conduta cl\u00ednica.<\/p>\n\n\n\n<p>Um dos grandes desafios na elabora\u00e7\u00e3o do laudo reside na identifica\u00e7\u00e3o de les\u00f5es sutis. Algumas anormalidades podem ser pequenas ou apresentar caracter\u00edsticas discretas, exigindo um olhar treinado para que n\u00e3o sejam negligenciadas. Outro fator complicador \u00e9 a aus\u00eancia de controle direto sobre o posicionamento da c\u00e2mera, o que diferencia a c\u00e1psula endosc\u00f3pica da endoscopia convencional. Isso limita a obten\u00e7\u00e3o de imagens direcionadas e dificulta a captura de detalhes espec\u00edficos.<\/p>\n\n\n\n<p>Para aumentar a precis\u00e3o e padroniza\u00e7\u00e3o do laudo, \u00e9 recomend\u00e1vel utilizar terminologias e escores validados para descrever os achados. Isso facilita a interpreta\u00e7\u00e3o por outros profissionais de sa\u00fade e contribui para a uniformidade dos relatos. \u00c9 importante tamb\u00e9m reconhecer as limita\u00e7\u00f5es do exame. Caso alguma \u00e1rea n\u00e3o tenha sido adequadamente visualizada ou haja incerteza quanto \u00e0 natureza de um achado, isso deve ser claramente explicitado no laudo, com recomenda\u00e7\u00e3o, se necess\u00e1rio, de exames complementares.<\/p>\n\n\n\n<p>O laudo deve ser conclu\u00eddo com um resumo dos principais achados, a prov\u00e1vel localiza\u00e7\u00e3o das les\u00f5es, e uma avalia\u00e7\u00e3o do grau de certeza em rela\u00e7\u00e3o \u00e0s observa\u00e7\u00f5es feitas. Al\u00e9m disso, recomenda\u00e7\u00f5es para investiga\u00e7\u00e3o adicional ou acompanhamento devem ser inclu\u00eddas quando pertinentes.<\/p>\n\n\n\n<p class=\"has-pale-ocean-gradient-background has-background\">Em resumo, a interpreta\u00e7\u00e3o e elabora\u00e7\u00e3o do laudo de c\u00e1psula endosc\u00f3pica do intestino delgado requerem um equil\u00edbrio entre rigor t\u00e9cnico e pragmatismo cl\u00ednico. A abordagem estruturada e a aten\u00e7\u00e3o aos detalhes tornam essa ferramenta diagn\u00f3stica extremamente valiosa na investiga\u00e7\u00e3o de doen\u00e7as do intestino delgado. Apesar das dificuldades para a leitura do exame, com um laudo bem elaborado \u00e9 poss\u00edvel promover uma abordagem diagn\u00f3stica e terap\u00eautica mais precisa, contribuindo significativamente para o manejo eficaz das condi\u00e7\u00f5es gastrointestinais.<\/p>\n\n\n\n<p>Tenham excelentes laudos!<\/p>\n\n\n\n<h2 class=\"wp-block-heading\"><br><strong>Refer\u00eancias:<\/strong><\/h2>\n\n\n\n<ol class=\"wp-block-list\">\n<li>Rondonotti E, Spada C, Adler S, May A, Despott EJ, Koulaouzidis A, Panter S, Domagk D, Fernandez-Urien I, Rahmi G, Riccioni ME, van Hooft JE, Hassan C, Pennazio M. Small-bowel capsule endoscopy and device-assisted enteroscopy for diagnosis and treatment of small-bowel disorders: European Society of Gastrointestinal Endoscopy (ESGE) Technical Review. Endoscopy. 2018 Apr;50(4):423-446. doi: 10.1055\/a-0576-0566. Epub 2018 Mar 14. PMID: 29539652.<\/li>\n\n\n\n<li>Pennazio M, Rondonotti E, Koulaouzidis A. Small Bowel Capsule Endoscopy: Normal Findings and Normal Variants of the Small Bowel. Gastrointest Endosc Clin N Am. 2017 Jan;27(1):29-50. doi: 10.1016\/j.giec.2016.08.003. PMID: 27908517.<\/li>\n<\/ol>\n\n\n\n<h2 class=\"wp-block-heading\"><strong>Como citar este artigo<\/strong><\/h2>\n\n\n\n<p class=\"has-very-light-gray-to-cyan-bluish-gray-gradient-background has-background\">Brito HP. Elabora\u00e7\u00e3o do laudo no exame de c\u00e1psula endosc\u00f3pica do intestino delgado Endoscopia Terapeutica 2025 Vol II. Dispon\u00edvel em: <a href=\"https:\/\/endoscopiaterapeutica.net\/pt\/?p=20349\" target=\"_blank\" rel=\"noreferrer noopener\">https:\/\/endoscopiaterapeutica.net\/pt\/assuntosgerais\/elaboracao-do-laudo-no-exame-de-capsula-endoscopica-do-intestino-delgado\/<\/a><\/p>\n\n\n\n<p><\/p>\n","protected":false},"excerpt":{"rendered":"<p>O laudo da c\u00e1psula endosc\u00f3pica do intestino delgado \u00e9 um componente crucial no diagn\u00f3stico&hellip;<\/p>\n","protected":false},"author":5778,"featured_media":20350,"comment_status":"open","ping_status":"open","sticky":false,"template":"","format":"standard","meta":{"_lmt_disableupdate":"","_lmt_disable":"","footnotes":""},"categories":[151],"tags":[817,815],"ano":[783],"tipo":[157],"volume":[147],"class_list":["post-20349","post","type-post","status-publish","format-standard","has-post-thumbnail","hentry","category-assuntosgerais","tag-capsula-endoscopica-2","tag-laudo","ano-783","tipo-intestino-delgado","volume-volume-ii"],"yoast_head":"<!-- This site is optimized with the Yoast SEO Premium plugin v27.2 (Yoast SEO v27.4) - https:\/\/yoast.com\/product\/yoast-seo-premium-wordpress\/ -->\n<title>Elabora\u00e7\u00e3o do laudo no exame de c\u00e1psula endosc\u00f3pica do intestino delgado &#8226; Endoscopia Terapeutica<\/title>\n<meta name=\"description\" content=\"Elabora\u00e7\u00e3o do laudo no exame de c\u00e1psula endosc\u00f3pica do intestino delgado %\" \/>\n<meta name=\"robots\" content=\"index, follow, max-snippet:-1, max-image-preview:large, max-video-preview:-1\" \/>\n<link rel=\"canonical\" href=\"https:\/\/endoscopiaterapeutica.net\/pt\/assuntosgerais\/elaboracao-do-laudo-no-exame-de-capsula-endoscopica-do-intestino-delgado\/\" \/>\n<meta property=\"og:locale\" content=\"pt_BR\" \/>\n<meta property=\"og:type\" content=\"article\" \/>\n<meta property=\"og:title\" content=\"Elabora\u00e7\u00e3o do laudo no exame de c\u00e1psula endosc\u00f3pica do intestino delgado\" \/>\n<meta property=\"og:description\" content=\"O laudo da c\u00e1psula endosc\u00f3pica do intestino delgado \u00e9 um componente crucial no diagn\u00f3stico de diversas patologias gastrointestinais. Sua elabora\u00e7\u00e3o deve\" \/>\n<meta property=\"og:url\" content=\"https:\/\/endoscopiaterapeutica.net\/pt\/assuntosgerais\/elaboracao-do-laudo-no-exame-de-capsula-endoscopica-do-intestino-delgado\/\" \/>\n<meta property=\"og:site_name\" content=\"Endoscopia Terapeutica\" \/>\n<meta property=\"article:publisher\" content=\"https:\/\/www.facebook.com\/endoscopiaterapeutica\" \/>\n<meta property=\"article:published_time\" content=\"2025-07-15T06:16:00+00:00\" \/>\n<meta property=\"og:image\" content=\"https:\/\/endoscopiaterapeutica.net\/pt\/wp-content\/uploads\/2025\/06\/CAPA-VCE-1024x683.png\" \/>\n\t<meta property=\"og:image:width\" content=\"1024\" \/>\n\t<meta property=\"og:image:height\" content=\"683\" \/>\n\t<meta property=\"og:image:type\" content=\"image\/png\" \/>\n<meta name=\"author\" content=\"H\u00e9lcio Pedrosa Brito\" \/>\n<meta name=\"twitter:card\" content=\"summary_large_image\" \/>\n<meta name=\"twitter:label1\" content=\"Escrito por\" \/>\n\t<meta name=\"twitter:data1\" content=\"H\u00e9lcio Pedrosa Brito\" \/>\n\t<meta name=\"twitter:label2\" content=\"Est. tempo de leitura\" \/>\n\t<meta name=\"twitter:data2\" content=\"5 minutos\" \/>\n<script type=\"application\/ld+json\" class=\"yoast-schema-graph\">{\"@context\":\"https:\\\/\\\/schema.org\",\"@graph\":[{\"@type\":\"Article\",\"@id\":\"https:\\\/\\\/endoscopiaterapeutica.net\\\/pt\\\/assuntosgerais\\\/elaboracao-do-laudo-no-exame-de-capsula-endoscopica-do-intestino-delgado\\\/#article\",\"isPartOf\":{\"@id\":\"https:\\\/\\\/endoscopiaterapeutica.net\\\/pt\\\/assuntosgerais\\\/elaboracao-do-laudo-no-exame-de-capsula-endoscopica-do-intestino-delgado\\\/\"},\"author\":{\"name\":\"H\u00e9lcio Pedrosa Brito\",\"@id\":\"https:\\\/\\\/endoscopiaterapeutica.net\\\/pt\\\/#\\\/schema\\\/person\\\/1707212d7abecc4296f6a2074dbaf93f\"},\"headline\":\"Elabora\u00e7\u00e3o do laudo no exame de c\u00e1psula endosc\u00f3pica do intestino delgado\",\"datePublished\":\"2025-07-15T06:16:00+00:00\",\"mainEntityOfPage\":{\"@id\":\"https:\\\/\\\/endoscopiaterapeutica.net\\\/pt\\\/assuntosgerais\\\/elaboracao-do-laudo-no-exame-de-capsula-endoscopica-do-intestino-delgado\\\/\"},\"wordCount\":961,\"commentCount\":0,\"publisher\":{\"@id\":\"https:\\\/\\\/endoscopiaterapeutica.net\\\/pt\\\/#organization\"},\"image\":{\"@id\":\"https:\\\/\\\/endoscopiaterapeutica.net\\\/pt\\\/assuntosgerais\\\/elaboracao-do-laudo-no-exame-de-capsula-endoscopica-do-intestino-delgado\\\/#primaryimage\"},\"thumbnailUrl\":\"https:\\\/\\\/endoscopiaterapeutica.net\\\/pt\\\/wp-content\\\/uploads\\\/2025\\\/06\\\/CAPA-VCE.png\",\"keywords\":[\"c\u00e1psula endosc\u00f3pica\",\"laudo\"],\"articleSection\":[\"Assuntos Gerais\"],\"inLanguage\":\"pt-BR\",\"potentialAction\":[{\"@type\":\"CommentAction\",\"name\":\"Comment\",\"target\":[\"https:\\\/\\\/endoscopiaterapeutica.net\\\/pt\\\/assuntosgerais\\\/elaboracao-do-laudo-no-exame-de-capsula-endoscopica-do-intestino-delgado\\\/#respond\"]}]},{\"@type\":\"WebPage\",\"@id\":\"https:\\\/\\\/endoscopiaterapeutica.net\\\/pt\\\/assuntosgerais\\\/elaboracao-do-laudo-no-exame-de-capsula-endoscopica-do-intestino-delgado\\\/\",\"url\":\"https:\\\/\\\/endoscopiaterapeutica.net\\\/pt\\\/assuntosgerais\\\/elaboracao-do-laudo-no-exame-de-capsula-endoscopica-do-intestino-delgado\\\/\",\"name\":\"Elabora\u00e7\u00e3o do laudo no exame de c\u00e1psula endosc\u00f3pica do intestino delgado &#8226; Endoscopia Terapeutica\",\"isPartOf\":{\"@id\":\"https:\\\/\\\/endoscopiaterapeutica.net\\\/pt\\\/#website\"},\"primaryImageOfPage\":{\"@id\":\"https:\\\/\\\/endoscopiaterapeutica.net\\\/pt\\\/assuntosgerais\\\/elaboracao-do-laudo-no-exame-de-capsula-endoscopica-do-intestino-delgado\\\/#primaryimage\"},\"image\":{\"@id\":\"https:\\\/\\\/endoscopiaterapeutica.net\\\/pt\\\/assuntosgerais\\\/elaboracao-do-laudo-no-exame-de-capsula-endoscopica-do-intestino-delgado\\\/#primaryimage\"},\"thumbnailUrl\":\"https:\\\/\\\/endoscopiaterapeutica.net\\\/pt\\\/wp-content\\\/uploads\\\/2025\\\/06\\\/CAPA-VCE.png\",\"datePublished\":\"2025-07-15T06:16:00+00:00\",\"description\":\"Elabora\u00e7\u00e3o do laudo no exame de c\u00e1psula endosc\u00f3pica do intestino delgado %\",\"breadcrumb\":{\"@id\":\"https:\\\/\\\/endoscopiaterapeutica.net\\\/pt\\\/assuntosgerais\\\/elaboracao-do-laudo-no-exame-de-capsula-endoscopica-do-intestino-delgado\\\/#breadcrumb\"},\"inLanguage\":\"pt-BR\",\"potentialAction\":[{\"@type\":\"ReadAction\",\"target\":[\"https:\\\/\\\/endoscopiaterapeutica.net\\\/pt\\\/assuntosgerais\\\/elaboracao-do-laudo-no-exame-de-capsula-endoscopica-do-intestino-delgado\\\/\"]}]},{\"@type\":\"ImageObject\",\"inLanguage\":\"pt-BR\",\"@id\":\"https:\\\/\\\/endoscopiaterapeutica.net\\\/pt\\\/assuntosgerais\\\/elaboracao-do-laudo-no-exame-de-capsula-endoscopica-do-intestino-delgado\\\/#primaryimage\",\"url\":\"https:\\\/\\\/endoscopiaterapeutica.net\\\/pt\\\/wp-content\\\/uploads\\\/2025\\\/06\\\/CAPA-VCE.png\",\"contentUrl\":\"https:\\\/\\\/endoscopiaterapeutica.net\\\/pt\\\/wp-content\\\/uploads\\\/2025\\\/06\\\/CAPA-VCE.png\",\"width\":1536,\"height\":1024},{\"@type\":\"BreadcrumbList\",\"@id\":\"https:\\\/\\\/endoscopiaterapeutica.net\\\/pt\\\/assuntosgerais\\\/elaboracao-do-laudo-no-exame-de-capsula-endoscopica-do-intestino-delgado\\\/#breadcrumb\",\"itemListElement\":[{\"@type\":\"ListItem\",\"position\":1,\"name\":\"Home\",\"item\":\"https:\\\/\\\/endoscopiaterapeutica.net\\\/pt\\\/\"},{\"@type\":\"ListItem\",\"position\":2,\"name\":\"Elabora\u00e7\u00e3o do laudo no exame de c\u00e1psula endosc\u00f3pica do intestino delgado\"}]},{\"@type\":\"WebSite\",\"@id\":\"https:\\\/\\\/endoscopiaterapeutica.net\\\/pt\\\/#website\",\"url\":\"https:\\\/\\\/endoscopiaterapeutica.net\\\/pt\\\/\",\"name\":\"Endoscopia Terapeutica\",\"description\":\"O Jornal Endoscopia Terap\u00eautica tem como objetivo compartilhar experi\u00eancias da pr\u00e1tica di\u00e1ria, al\u00e9m de prover atualiza\u00e7\u00f5es e discuss\u00f5es sobre endoscopia digestiva.\",\"publisher\":{\"@id\":\"https:\\\/\\\/endoscopiaterapeutica.net\\\/pt\\\/#organization\"},\"potentialAction\":[{\"@type\":\"SearchAction\",\"target\":{\"@type\":\"EntryPoint\",\"urlTemplate\":\"https:\\\/\\\/endoscopiaterapeutica.net\\\/pt\\\/?s={search_term_string}\"},\"query-input\":{\"@type\":\"PropertyValueSpecification\",\"valueRequired\":true,\"valueName\":\"search_term_string\"}}],\"inLanguage\":\"pt-BR\"},{\"@type\":\"Organization\",\"@id\":\"https:\\\/\\\/endoscopiaterapeutica.net\\\/pt\\\/#organization\",\"name\":\"Endoscopia Terapeutica\",\"url\":\"https:\\\/\\\/endoscopiaterapeutica.net\\\/pt\\\/\",\"logo\":{\"@type\":\"ImageObject\",\"inLanguage\":\"pt-BR\",\"@id\":\"https:\\\/\\\/endoscopiaterapeutica.net\\\/pt\\\/#\\\/schema\\\/logo\\\/image\\\/\",\"url\":\"https:\\\/\\\/endoscopiaterapeutica.net\\\/pt\\\/wp-content\\\/uploads\\\/2023\\\/09\\\/endter.jpg\",\"contentUrl\":\"https:\\\/\\\/endoscopiaterapeutica.net\\\/pt\\\/wp-content\\\/uploads\\\/2023\\\/09\\\/endter.jpg\",\"width\":720,\"height\":721,\"caption\":\"Endoscopia Terapeutica\"},\"image\":{\"@id\":\"https:\\\/\\\/endoscopiaterapeutica.net\\\/pt\\\/#\\\/schema\\\/logo\\\/image\\\/\"},\"sameAs\":[\"https:\\\/\\\/www.facebook.com\\\/endoscopiaterapeutica\",\"https:\\\/\\\/www.instagram.com\\\/endoscopy\\\/\",\"https:\\\/\\\/www.youtube.com\\\/@endoscopyonline\"]},{\"@type\":\"Person\",\"@id\":\"https:\\\/\\\/endoscopiaterapeutica.net\\\/pt\\\/#\\\/schema\\\/person\\\/1707212d7abecc4296f6a2074dbaf93f\",\"name\":\"H\u00e9lcio Pedrosa Brito\",\"image\":{\"@type\":\"ImageObject\",\"inLanguage\":\"pt-BR\",\"@id\":\"https:\\\/\\\/endoscopiaterapeutica.net\\\/pt\\\/wp-content\\\/uploads\\\/2021\\\/07\\\/imagem.jpg\",\"url\":\"https:\\\/\\\/endoscopiaterapeutica.net\\\/pt\\\/wp-content\\\/uploads\\\/2021\\\/07\\\/imagem.jpg\",\"contentUrl\":\"https:\\\/\\\/endoscopiaterapeutica.net\\\/pt\\\/wp-content\\\/uploads\\\/2021\\\/07\\\/imagem.jpg\",\"caption\":\"H\u00e9lcio Pedrosa Brito\"},\"description\":\"M\u00e9dico graduado pela Faculdade de Medicina da Universidade de Taubat\u00e9 (2005) com resid\u00eancia m\u00e9dica em Cirurgia Geral pelo Hospital Regional do Vale do Para\u00edba (2007) e especializa\u00e7\u00e3o em Endoscopia Digestiva pelos Hospitais Nove de Julho e Ipiranga. Trabalhou como cirurgi\u00e3o geral e socorrista pr\u00e9-hospitalar, atuando hoje em Endoscopia Digestiva diagn\u00f3stica e terap\u00eautica .\",\"url\":\"https:\\\/\\\/endoscopiaterapeutica.net\\\/pt\\\/author\\\/helcio\\\/\"}]}<\/script>\n<!-- \/ Yoast SEO Premium plugin. -->","yoast_head_json":{"title":"Elabora\u00e7\u00e3o do laudo no exame de c\u00e1psula endosc\u00f3pica do intestino delgado &#8226; Endoscopia Terapeutica","description":"Elabora\u00e7\u00e3o do laudo no exame de c\u00e1psula endosc\u00f3pica do intestino delgado %","robots":{"index":"index","follow":"follow","max-snippet":"max-snippet:-1","max-image-preview":"max-image-preview:large","max-video-preview":"max-video-preview:-1"},"canonical":"https:\/\/endoscopiaterapeutica.net\/pt\/assuntosgerais\/elaboracao-do-laudo-no-exame-de-capsula-endoscopica-do-intestino-delgado\/","og_locale":"pt_BR","og_type":"article","og_title":"Elabora\u00e7\u00e3o do laudo no exame de c\u00e1psula endosc\u00f3pica do intestino delgado","og_description":"O laudo da c\u00e1psula endosc\u00f3pica do intestino delgado \u00e9 um componente crucial no diagn\u00f3stico de diversas patologias gastrointestinais. Sua elabora\u00e7\u00e3o deve","og_url":"https:\/\/endoscopiaterapeutica.net\/pt\/assuntosgerais\/elaboracao-do-laudo-no-exame-de-capsula-endoscopica-do-intestino-delgado\/","og_site_name":"Endoscopia Terapeutica","article_publisher":"https:\/\/www.facebook.com\/endoscopiaterapeutica","article_published_time":"2025-07-15T06:16:00+00:00","og_image":[{"width":1024,"height":683,"url":"https:\/\/endoscopiaterapeutica.net\/pt\/wp-content\/uploads\/2025\/06\/CAPA-VCE-1024x683.png","type":"image\/png"}],"author":"H\u00e9lcio Pedrosa Brito","twitter_card":"summary_large_image","twitter_misc":{"Escrito por":"H\u00e9lcio Pedrosa Brito","Est. tempo de leitura":"5 minutos"},"schema":{"@context":"https:\/\/schema.org","@graph":[{"@type":"Article","@id":"https:\/\/endoscopiaterapeutica.net\/pt\/assuntosgerais\/elaboracao-do-laudo-no-exame-de-capsula-endoscopica-do-intestino-delgado\/#article","isPartOf":{"@id":"https:\/\/endoscopiaterapeutica.net\/pt\/assuntosgerais\/elaboracao-do-laudo-no-exame-de-capsula-endoscopica-do-intestino-delgado\/"},"author":{"name":"H\u00e9lcio Pedrosa Brito","@id":"https:\/\/endoscopiaterapeutica.net\/pt\/#\/schema\/person\/1707212d7abecc4296f6a2074dbaf93f"},"headline":"Elabora\u00e7\u00e3o do laudo no exame de c\u00e1psula endosc\u00f3pica do intestino delgado","datePublished":"2025-07-15T06:16:00+00:00","mainEntityOfPage":{"@id":"https:\/\/endoscopiaterapeutica.net\/pt\/assuntosgerais\/elaboracao-do-laudo-no-exame-de-capsula-endoscopica-do-intestino-delgado\/"},"wordCount":961,"commentCount":0,"publisher":{"@id":"https:\/\/endoscopiaterapeutica.net\/pt\/#organization"},"image":{"@id":"https:\/\/endoscopiaterapeutica.net\/pt\/assuntosgerais\/elaboracao-do-laudo-no-exame-de-capsula-endoscopica-do-intestino-delgado\/#primaryimage"},"thumbnailUrl":"https:\/\/endoscopiaterapeutica.net\/pt\/wp-content\/uploads\/2025\/06\/CAPA-VCE.png","keywords":["c\u00e1psula endosc\u00f3pica","laudo"],"articleSection":["Assuntos Gerais"],"inLanguage":"pt-BR","potentialAction":[{"@type":"CommentAction","name":"Comment","target":["https:\/\/endoscopiaterapeutica.net\/pt\/assuntosgerais\/elaboracao-do-laudo-no-exame-de-capsula-endoscopica-do-intestino-delgado\/#respond"]}]},{"@type":"WebPage","@id":"https:\/\/endoscopiaterapeutica.net\/pt\/assuntosgerais\/elaboracao-do-laudo-no-exame-de-capsula-endoscopica-do-intestino-delgado\/","url":"https:\/\/endoscopiaterapeutica.net\/pt\/assuntosgerais\/elaboracao-do-laudo-no-exame-de-capsula-endoscopica-do-intestino-delgado\/","name":"Elabora\u00e7\u00e3o do laudo no exame de c\u00e1psula endosc\u00f3pica do intestino delgado &#8226; Endoscopia Terapeutica","isPartOf":{"@id":"https:\/\/endoscopiaterapeutica.net\/pt\/#website"},"primaryImageOfPage":{"@id":"https:\/\/endoscopiaterapeutica.net\/pt\/assuntosgerais\/elaboracao-do-laudo-no-exame-de-capsula-endoscopica-do-intestino-delgado\/#primaryimage"},"image":{"@id":"https:\/\/endoscopiaterapeutica.net\/pt\/assuntosgerais\/elaboracao-do-laudo-no-exame-de-capsula-endoscopica-do-intestino-delgado\/#primaryimage"},"thumbnailUrl":"https:\/\/endoscopiaterapeutica.net\/pt\/wp-content\/uploads\/2025\/06\/CAPA-VCE.png","datePublished":"2025-07-15T06:16:00+00:00","description":"Elabora\u00e7\u00e3o do laudo no exame de c\u00e1psula endosc\u00f3pica do intestino delgado %","breadcrumb":{"@id":"https:\/\/endoscopiaterapeutica.net\/pt\/assuntosgerais\/elaboracao-do-laudo-no-exame-de-capsula-endoscopica-do-intestino-delgado\/#breadcrumb"},"inLanguage":"pt-BR","potentialAction":[{"@type":"ReadAction","target":["https:\/\/endoscopiaterapeutica.net\/pt\/assuntosgerais\/elaboracao-do-laudo-no-exame-de-capsula-endoscopica-do-intestino-delgado\/"]}]},{"@type":"ImageObject","inLanguage":"pt-BR","@id":"https:\/\/endoscopiaterapeutica.net\/pt\/assuntosgerais\/elaboracao-do-laudo-no-exame-de-capsula-endoscopica-do-intestino-delgado\/#primaryimage","url":"https:\/\/endoscopiaterapeutica.net\/pt\/wp-content\/uploads\/2025\/06\/CAPA-VCE.png","contentUrl":"https:\/\/endoscopiaterapeutica.net\/pt\/wp-content\/uploads\/2025\/06\/CAPA-VCE.png","width":1536,"height":1024},{"@type":"BreadcrumbList","@id":"https:\/\/endoscopiaterapeutica.net\/pt\/assuntosgerais\/elaboracao-do-laudo-no-exame-de-capsula-endoscopica-do-intestino-delgado\/#breadcrumb","itemListElement":[{"@type":"ListItem","position":1,"name":"Home","item":"https:\/\/endoscopiaterapeutica.net\/pt\/"},{"@type":"ListItem","position":2,"name":"Elabora\u00e7\u00e3o do laudo no exame de c\u00e1psula endosc\u00f3pica do intestino delgado"}]},{"@type":"WebSite","@id":"https:\/\/endoscopiaterapeutica.net\/pt\/#website","url":"https:\/\/endoscopiaterapeutica.net\/pt\/","name":"Endoscopia Terapeutica","description":"O Jornal Endoscopia Terap\u00eautica tem como objetivo compartilhar experi\u00eancias da pr\u00e1tica di\u00e1ria, al\u00e9m de prover atualiza\u00e7\u00f5es e discuss\u00f5es sobre endoscopia digestiva.","publisher":{"@id":"https:\/\/endoscopiaterapeutica.net\/pt\/#organization"},"potentialAction":[{"@type":"SearchAction","target":{"@type":"EntryPoint","urlTemplate":"https:\/\/endoscopiaterapeutica.net\/pt\/?s={search_term_string}"},"query-input":{"@type":"PropertyValueSpecification","valueRequired":true,"valueName":"search_term_string"}}],"inLanguage":"pt-BR"},{"@type":"Organization","@id":"https:\/\/endoscopiaterapeutica.net\/pt\/#organization","name":"Endoscopia Terapeutica","url":"https:\/\/endoscopiaterapeutica.net\/pt\/","logo":{"@type":"ImageObject","inLanguage":"pt-BR","@id":"https:\/\/endoscopiaterapeutica.net\/pt\/#\/schema\/logo\/image\/","url":"https:\/\/endoscopiaterapeutica.net\/pt\/wp-content\/uploads\/2023\/09\/endter.jpg","contentUrl":"https:\/\/endoscopiaterapeutica.net\/pt\/wp-content\/uploads\/2023\/09\/endter.jpg","width":720,"height":721,"caption":"Endoscopia Terapeutica"},"image":{"@id":"https:\/\/endoscopiaterapeutica.net\/pt\/#\/schema\/logo\/image\/"},"sameAs":["https:\/\/www.facebook.com\/endoscopiaterapeutica","https:\/\/www.instagram.com\/endoscopy\/","https:\/\/www.youtube.com\/@endoscopyonline"]},{"@type":"Person","@id":"https:\/\/endoscopiaterapeutica.net\/pt\/#\/schema\/person\/1707212d7abecc4296f6a2074dbaf93f","name":"H\u00e9lcio Pedrosa Brito","image":{"@type":"ImageObject","inLanguage":"pt-BR","@id":"https:\/\/endoscopiaterapeutica.net\/pt\/wp-content\/uploads\/2021\/07\/imagem.jpg","url":"https:\/\/endoscopiaterapeutica.net\/pt\/wp-content\/uploads\/2021\/07\/imagem.jpg","contentUrl":"https:\/\/endoscopiaterapeutica.net\/pt\/wp-content\/uploads\/2021\/07\/imagem.jpg","caption":"H\u00e9lcio Pedrosa Brito"},"description":"M\u00e9dico graduado pela Faculdade de Medicina da Universidade de Taubat\u00e9 (2005) com resid\u00eancia m\u00e9dica em Cirurgia Geral pelo Hospital Regional do Vale do Para\u00edba (2007) e especializa\u00e7\u00e3o em Endoscopia Digestiva pelos Hospitais Nove de Julho e Ipiranga. Trabalhou como cirurgi\u00e3o geral e socorrista pr\u00e9-hospitalar, atuando hoje em Endoscopia Digestiva diagn\u00f3stica e terap\u00eautica .","url":"https:\/\/endoscopiaterapeutica.net\/pt\/author\/helcio\/"}]}},"_links":{"self":[{"href":"https:\/\/endoscopiaterapeutica.net\/pt\/wp-json\/wp\/v2\/posts\/20349","targetHints":{"allow":["GET"]}}],"collection":[{"href":"https:\/\/endoscopiaterapeutica.net\/pt\/wp-json\/wp\/v2\/posts"}],"about":[{"href":"https:\/\/endoscopiaterapeutica.net\/pt\/wp-json\/wp\/v2\/types\/post"}],"author":[{"embeddable":true,"href":"https:\/\/endoscopiaterapeutica.net\/pt\/wp-json\/wp\/v2\/users\/5778"}],"replies":[{"embeddable":true,"href":"https:\/\/endoscopiaterapeutica.net\/pt\/wp-json\/wp\/v2\/comments?post=20349"}],"version-history":[{"count":5,"href":"https:\/\/endoscopiaterapeutica.net\/pt\/wp-json\/wp\/v2\/posts\/20349\/revisions"}],"predecessor-version":[{"id":20442,"href":"https:\/\/endoscopiaterapeutica.net\/pt\/wp-json\/wp\/v2\/posts\/20349\/revisions\/20442"}],"wp:featuredmedia":[{"embeddable":true,"href":"https:\/\/endoscopiaterapeutica.net\/pt\/wp-json\/wp\/v2\/media\/20350"}],"wp:attachment":[{"href":"https:\/\/endoscopiaterapeutica.net\/pt\/wp-json\/wp\/v2\/media?parent=20349"}],"wp:term":[{"taxonomy":"category","embeddable":true,"href":"https:\/\/endoscopiaterapeutica.net\/pt\/wp-json\/wp\/v2\/categories?post=20349"},{"taxonomy":"post_tag","embeddable":true,"href":"https:\/\/endoscopiaterapeutica.net\/pt\/wp-json\/wp\/v2\/tags?post=20349"},{"taxonomy":"ano","embeddable":true,"href":"https:\/\/endoscopiaterapeutica.net\/pt\/wp-json\/wp\/v2\/ano?post=20349"},{"taxonomy":"tipo","embeddable":true,"href":"https:\/\/endoscopiaterapeutica.net\/pt\/wp-json\/wp\/v2\/tipo?post=20349"},{"taxonomy":"volume","embeddable":true,"href":"https:\/\/endoscopiaterapeutica.net\/pt\/wp-json\/wp\/v2\/volume?post=20349"}],"curies":[{"name":"wp","href":"https:\/\/api.w.org\/{rel}","templated":true}]}}