{"id":19410,"date":"2024-09-17T07:30:00","date_gmt":"2024-09-17T07:30:00","guid":{"rendered":"https:\/\/endoscopiaterapeutica.net\/pt\/?p=19410"},"modified":"2024-10-08T00:39:55","modified_gmt":"2024-10-08T00:39:55","slug":"drenagem-de-colecao-abdominal-pos-pancreatectomia-por-ecoendoscopia-com-protese-de-aposicao-luminal-lams","status":"publish","type":"post","link":"https:\/\/endoscopiaterapeutica.net\/pt\/casosclinicos\/drenagem-de-colecao-abdominal-pos-pancreatectomia-por-ecoendoscopia-com-protese-de-aposicao-luminal-lams\/","title":{"rendered":"Drenagem de cole\u00e7\u00e3o abdominal p\u00f3s-pancreatectomia por ecoendoscopia com pr\u00f3tese de aposi\u00e7\u00e3o luminal (LAMS)"},"content":{"rendered":"\n<h2 class=\"wp-block-heading\"><strong>Caso cl\u00ednico<\/strong><\/h2>\n\n\n\n<ul class=\"wp-block-list\">\n<li>Paciente do sexo feminino, 22 anos, diagnosticada com neoplasia pseudopapilar de cauda p\u00e2ncreas (Tumor de Frantz)<\/li>\n\n\n\n<li>Submetida a pancreatectomia corpo-caudal + esplenectomia + linfadenectomia videolaparosc\u00f3pica. Drenagem da loja espl\u00eanica e do coto pancre\u00e1tico com Blake 19.<\/li>\n\n\n\n<li>Recebeu alta no 4\u00ba PO.<\/li>\n\n\n\n<li>15 dias depois retorna com dor abdominal, febre e leucocitose.<\/li>\n\n\n\n<li>TC de abd\u00f4men revela cole\u00e7\u00e3o retrogastrica em contato com a margem de ressec\u00e7\u00e3o do p\u00e2ncreas (Figuras 1 e 2).<\/li>\n<\/ul>\n\n\n<div class=\"wp-block-image\">\n<figure data-wp-context=\"{&quot;imageId&quot;:&quot;69f0dfcce70de&quot;}\" data-wp-interactive=\"core\/image\" data-wp-key=\"69f0dfcce70de\" class=\"aligncenter size-large is-resized wp-lightbox-container\"><img fetchpriority=\"high\" decoding=\"async\" width=\"1024\" height=\"460\" data-wp-class--hide=\"state.isContentHidden\" data-wp-class--show=\"state.isContentVisible\" data-wp-init=\"callbacks.setButtonStyles\" data-wp-on--click=\"actions.showLightbox\" data-wp-on--load=\"callbacks.setButtonStyles\" data-wp-on-window--resize=\"callbacks.setButtonStyles\" src=\"https:\/\/endoscopiaterapeutica.net\/pt\/wp-content\/uploads\/2024\/09\/fig-1-1024x460.jpg?v=1725848228\" alt=\"\" class=\"wp-image-19411\" style=\"width:584px;height:auto\" srcset=\"https:\/\/endoscopiaterapeutica.net\/pt\/wp-content\/uploads\/2024\/09\/fig-1-1024x460.jpg?v=1725848228 1024w, https:\/\/endoscopiaterapeutica.net\/pt\/wp-content\/uploads\/2024\/09\/fig-1-300x135.jpg?v=1725848228 300w, https:\/\/endoscopiaterapeutica.net\/pt\/wp-content\/uploads\/2024\/09\/fig-1-768x345.jpg?v=1725848228 768w, https:\/\/endoscopiaterapeutica.net\/pt\/wp-content\/uploads\/2024\/09\/fig-1-1170x526.jpg?v=1725848228 1170w, https:\/\/endoscopiaterapeutica.net\/pt\/wp-content\/uploads\/2024\/09\/fig-1-585x263.jpg?v=1725848228 585w, https:\/\/endoscopiaterapeutica.net\/pt\/wp-content\/uploads\/2024\/09\/fig-1.jpg?v=1725848228 1297w\" sizes=\"(max-width: 1024px) 100vw, 1024px\" \/><button\n\t\t\tclass=\"lightbox-trigger\"\n\t\t\ttype=\"button\"\n\t\t\taria-haspopup=\"dialog\"\n\t\t\taria-label=\"Ampliar\"\n\t\t\tdata-wp-init=\"callbacks.initTriggerButton\"\n\t\t\tdata-wp-on--click=\"actions.showLightbox\"\n\t\t\tdata-wp-style--right=\"state.imageButtonRight\"\n\t\t\tdata-wp-style--top=\"state.imageButtonTop\"\n\t\t>\n\t\t\t<svg xmlns=\"http:\/\/www.w3.org\/2000\/svg\" width=\"12\" height=\"12\" fill=\"none\" viewBox=\"0 0 12 12\">\n\t\t\t\t<path fill=\"#fff\" d=\"M2 0a2 2 0 0 0-2 2v2h1.5V2a.5.5 0 0 1 .5-.5h2V0H2Zm2 10.5H2a.5.5 0 0 1-.5-.5V8H0v2a2 2 0 0 0 2 2h2v-1.5ZM8 12v-1.5h2a.5.5 0 0 0 .5-.5V8H12v2a2 2 0 0 1-2 2H8Zm2-12a2 2 0 0 1 2 2v2h-1.5V2a.5.5 0 0 0-.5-.5H8V0h2Z\" \/>\n\t\t\t<\/svg>\n\t\t<\/button><figcaption class=\"wp-element-caption\">Figura 1: TC abd\u00f4men sagital mostrando a cole\u00e7\u00e3o (seta amarela) retrog\u00e1strica (seta azul). Note que o dreno est\u00e1 no interior da cole\u00e7\u00e3o, por\u00e9m apresenta drenagem inadequada.<\/figcaption><\/figure>\n<\/div>\n\n<div class=\"wp-block-image\">\n<figure data-wp-context=\"{&quot;imageId&quot;:&quot;69f0dfcce80b7&quot;}\" data-wp-interactive=\"core\/image\" data-wp-key=\"69f0dfcce80b7\" class=\"aligncenter size-large is-resized wp-lightbox-container\"><img decoding=\"async\" width=\"1024\" height=\"715\" data-wp-class--hide=\"state.isContentHidden\" data-wp-class--show=\"state.isContentVisible\" data-wp-init=\"callbacks.setButtonStyles\" data-wp-on--click=\"actions.showLightbox\" data-wp-on--load=\"callbacks.setButtonStyles\" data-wp-on-window--resize=\"callbacks.setButtonStyles\" src=\"https:\/\/endoscopiaterapeutica.net\/pt\/wp-content\/uploads\/2024\/09\/fig-2-1024x715.jpg?v=1725848331\" alt=\"\" class=\"wp-image-19412\" style=\"width:570px;height:auto\" srcset=\"https:\/\/endoscopiaterapeutica.net\/pt\/wp-content\/uploads\/2024\/09\/fig-2-1024x715.jpg?v=1725848331 1024w, https:\/\/endoscopiaterapeutica.net\/pt\/wp-content\/uploads\/2024\/09\/fig-2-300x210.jpg?v=1725848331 300w, https:\/\/endoscopiaterapeutica.net\/pt\/wp-content\/uploads\/2024\/09\/fig-2-768x536.jpg?v=1725848331 768w, https:\/\/endoscopiaterapeutica.net\/pt\/wp-content\/uploads\/2024\/09\/fig-2-1170x817.jpg?v=1725848331 1170w, https:\/\/endoscopiaterapeutica.net\/pt\/wp-content\/uploads\/2024\/09\/fig-2-585x409.jpg?v=1725848331 585w, https:\/\/endoscopiaterapeutica.net\/pt\/wp-content\/uploads\/2024\/09\/fig-2.jpg?v=1725848331 1396w\" sizes=\"(max-width: 1024px) 100vw, 1024px\" \/><button\n\t\t\tclass=\"lightbox-trigger\"\n\t\t\ttype=\"button\"\n\t\t\taria-haspopup=\"dialog\"\n\t\t\taria-label=\"Ampliar\"\n\t\t\tdata-wp-init=\"callbacks.initTriggerButton\"\n\t\t\tdata-wp-on--click=\"actions.showLightbox\"\n\t\t\tdata-wp-style--right=\"state.imageButtonRight\"\n\t\t\tdata-wp-style--top=\"state.imageButtonTop\"\n\t\t>\n\t\t\t<svg xmlns=\"http:\/\/www.w3.org\/2000\/svg\" width=\"12\" height=\"12\" fill=\"none\" viewBox=\"0 0 12 12\">\n\t\t\t\t<path fill=\"#fff\" d=\"M2 0a2 2 0 0 0-2 2v2h1.5V2a.5.5 0 0 1 .5-.5h2V0H2Zm2 10.5H2a.5.5 0 0 1-.5-.5V8H0v2a2 2 0 0 0 2 2h2v-1.5ZM8 12v-1.5h2a.5.5 0 0 0 .5-.5V8H12v2a2 2 0 0 1-2 2H8Zm2-12a2 2 0 0 1 2 2v2h-1.5V2a.5.5 0 0 0-.5-.5H8V0h2Z\" \/>\n\t\t\t<\/svg>\n\t\t<\/button><figcaption class=\"wp-element-caption\">Figura 2: TC de abd\u00f4men corte axial mostrando a cole\u00e7\u00e3o em \u00edntimo contato com o corpo g\u00e1strico e com dreno no seu interior sendo exteriorizado no flanco direito.<\/figcaption><\/figure>\n<\/div>\n\n\n<h2 class=\"wp-block-heading\"><strong>Conduta<\/strong><\/h2>\n\n\n\n<p>Ap\u00f3s reuni\u00e3o multidisciplinar foi indicada a drenagem endosc\u00f3pica atrav\u00e9s da coloca\u00e7\u00e3o de pr\u00f3tese de aposi\u00e7\u00e3o luminal guiada por ecoendoscopia. Para o procedimento foi utilizada pr\u00f3tese <strong><a href=\"https:\/\/endoscopiaterapeutica.net\/pt\/parceiro\/boston-scientific\/\" target=\"_blank\" rel=\"noreferrer noopener\">Hot Axios (Boston Scientific)<\/a>.<\/strong><\/p>\n\n\n\n<div style=\"position:relative;padding-top:56.25%;\"><iframe id=\"panda-64671a5e-18f2-49e2-a80b-1bce27d7e2db\" src=\"https:\/\/player-vz-a75e9d45-986.tv.pandavideo.com.br\/embed\/?v=64671a5e-18f2-49e2-a80b-1bce27d7e2db\" style=\"border:none;position:absolute;top:0;left:0;\" allow=\"accelerometer;gyroscope;autoplay;encrypted-media;picture-in-picture\" allowfullscreen=true width=\"100%\" height=\"100%\" fetchpriority=\"high\"><\/iframe><\/div>\n\n\n\n<p><\/p>\n\n\n\n<h2 class=\"wp-block-heading\"><strong>Evolu\u00e7\u00e3o p\u00f3s-operat\u00f3ria<\/strong><\/h2>\n\n\n\n<ul class=\"wp-block-list\">\n<li>Liberada dieta l\u00edquida no 1\u00ba. PO;<\/li>\n\n\n\n<li>Manuten\u00e7\u00e3o de antibioticoterapia;<\/li>\n\n\n\n<li>Revis\u00e3o endosc\u00f3pica precoce no 3\u00ba. PO para limpeza e retirada de restos necr\u00f3ticos;<\/li>\n\n\n\n<li>Retirada do dreno abdominal;<\/li>\n\n\n\n<li>Alta hospitalar;<\/li>\n\n\n\n<li>Retorno com 21 dias ap\u00f3s drenagem. Retirada da axios.<\/li>\n<\/ul>\n\n\n\n<h2 class=\"wp-block-heading\"><strong>Coment\u00e1rios<\/strong><\/h2>\n\n\n\n<p class=\"has-pale-ocean-gradient-background has-background\">A drenagem de cole\u00e7\u00f5es fluidas peripancre\u00e1ticas por ecoendoscopia com auxilio de pr\u00f3teses de aposi\u00e7\u00e3o luminal \u00e9 uma t\u00e9cnica que revolucionou o tratamento dessas condi\u00e7\u00f5es, possibilitando uma drenagem segura, eficaz e muito mais \u00e1gil. A drenagem das cole\u00e7\u00f5es sem aux\u00edlio das pr\u00f3teses quentes LAMS \u00e9 poss\u00edvel, por\u00e9m muito mais trabalhosa. Necessitaria pun\u00e7\u00e3o, dilata\u00e7\u00e3o do trajeto e coloca\u00e7\u00e3o de pr\u00f3teses pigtail.<\/p>\n\n\n\n<p>A principal complica\u00e7\u00e3o que vemos na drenagem com LAMS \u00e9 o risco de sangramento, que geralmente ocorre tardiamente devido corros\u00e3o do tecido retroperitoneal perigastrico pela extremidade da pr\u00f3tese quando ocorre regress\u00e3o da cavidade (3 a 4 semanas em m\u00e9dia). Alguns autores advogam a passagem de pr\u00f3tese tipo duplo pigtail no interior da LAMS para minimizar esse evento adverso. No caso em quest\u00e3o a regress\u00e3o total da cole\u00e7\u00e3o ocorreu em 3 semanas e foi poss\u00edvel retirar a pr\u00f3tese com seguran\u00e7a.<\/p>\n\n\n\n<p>Clique nos temas para mais informa\u00e7\u00f5es sobre <a href=\"https:\/\/endoscopiaterapeutica.net\/pt\/assuntosgerais\/protese-metalica-de-aposicao-luminal-lams-2\/\">Pr\u00f3tese met\u00e1lica de aposi\u00e7\u00e3o luminal (LAMS)<\/a> e <a href=\"https:\/\/endoscopiaterapeutica.net\/pt\/assuntosgerais\/stents-de-aposicao-de-lumen-nas-drenagens-de-colecoes-fluidas-pancreaticas-e-risco-de-sangramento-onde-estamos\/\">Stents de aposi\u00e7\u00e3o de l\u00famen nas drenagens de cole\u00e7\u00f5es fluidas pancre\u00e1ticas e risco de sangramento \u2013 onde estamos?<\/a>.<\/p>\n\n\n\n<p><\/p>\n","protected":false},"excerpt":{"rendered":"<p>Caso cl\u00ednico Conduta Ap\u00f3s reuni\u00e3o multidisciplinar foi indicada a drenagem endosc\u00f3pica atrav\u00e9s da coloca\u00e7\u00e3o&hellip;<\/p>\n","protected":false},"author":712,"featured_media":19429,"comment_status":"open","ping_status":"open","sticky":false,"template":"","format":"standard","meta":{"_lmt_disableupdate":"","_lmt_disable":"","footnotes":""},"categories":[150],"tags":[409],"ano":[742],"tipo":[154],"volume":[147],"class_list":["post-19410","post","type-post","status-publish","format-standard","has-post-thumbnail","hentry","category-casosclinicos","tag-eus","ano-742","tipo-ecoendoscopia","volume-volume-ii"],"yoast_head":"<!-- This site is optimized with the Yoast SEO Premium plugin v27.2 (Yoast SEO v27.4) - https:\/\/yoast.com\/product\/yoast-seo-premium-wordpress\/ -->\n<title>Drenagem de cole\u00e7\u00e3o abdominal p\u00f3s-pancreatectomia por ecoendoscopia com pr\u00f3tese de aposi\u00e7\u00e3o luminal (LAMS) &#8226; Endoscopia Terapeutica<\/title>\n<meta name=\"description\" content=\"Drenagem de cole\u00e7\u00e3o abdominal p\u00f3s-pancreatectomia por ecoendoscopia com pr\u00f3tese de aposi\u00e7\u00e3o luminal (LAMS)\" \/>\n<meta name=\"robots\" content=\"index, follow, max-snippet:-1, max-image-preview:large, max-video-preview:-1\" \/>\n<link rel=\"canonical\" href=\"https:\/\/endoscopiaterapeutica.net\/pt\/casosclinicos\/drenagem-de-colecao-abdominal-pos-pancreatectomia-por-ecoendoscopia-com-protese-de-aposicao-luminal-lams\/\" \/>\n<meta property=\"og:locale\" content=\"pt_BR\" \/>\n<meta property=\"og:type\" content=\"article\" \/>\n<meta property=\"og:title\" content=\"Drenagem de cole\u00e7\u00e3o abdominal p\u00f3s-pancreatectomia por ecoendoscopia com pr\u00f3tese de aposi\u00e7\u00e3o luminal (LAMS)\" \/>\n<meta property=\"og:description\" content=\"Caso cl\u00ednico Paciente do sexo feminino, 22 anos, diagnosticada com neoplasia pseudopapilar de cauda p\u00e2ncreas (Tumor de Frantz) Submetida a pancreatectomia\" \/>\n<meta property=\"og:url\" content=\"https:\/\/endoscopiaterapeutica.net\/pt\/casosclinicos\/drenagem-de-colecao-abdominal-pos-pancreatectomia-por-ecoendoscopia-com-protese-de-aposicao-luminal-lams\/\" \/>\n<meta property=\"og:site_name\" content=\"Endoscopia Terapeutica\" \/>\n<meta property=\"article:publisher\" content=\"https:\/\/www.facebook.com\/endoscopiaterapeutica\" \/>\n<meta property=\"article:published_time\" content=\"2024-09-17T07:30:00+00:00\" \/>\n<meta property=\"article:modified_time\" content=\"2024-10-08T00:39:55+00:00\" \/>\n<meta property=\"og:image\" content=\"https:\/\/endoscopiaterapeutica.net\/pt\/wp-content\/uploads\/2024\/09\/axios1.png\" \/>\n\t<meta property=\"og:image:width\" content=\"540\" \/>\n\t<meta property=\"og:image:height\" content=\"514\" \/>\n\t<meta property=\"og:image:type\" content=\"image\/png\" \/>\n<meta name=\"author\" content=\"Bruno Martins,&nbsp;Marcos Gon\u00e7alves&nbsp;e&nbsp;Guilherme Namur\" \/>\n<meta name=\"twitter:card\" content=\"summary_large_image\" \/>\n<meta name=\"twitter:label1\" content=\"Escrito por\" \/>\n\t<meta name=\"twitter:data1\" content=\"Bruno Martins,&nbsp;Marcos Gon\u00e7alves&nbsp;e&nbsp;Guilherme Namur\" \/>\n\t<meta name=\"twitter:label2\" content=\"Est. tempo de leitura\" \/>\n\t<meta name=\"twitter:data2\" content=\"3 minutos\" \/>\n<script type=\"application\/ld+json\" class=\"yoast-schema-graph\">{\"@context\":\"https:\\\/\\\/schema.org\",\"@graph\":[{\"@type\":\"Article\",\"@id\":\"https:\\\/\\\/endoscopiaterapeutica.net\\\/pt\\\/casosclinicos\\\/drenagem-de-colecao-abdominal-pos-pancreatectomia-por-ecoendoscopia-com-protese-de-aposicao-luminal-lams\\\/#article\",\"isPartOf\":{\"@id\":\"https:\\\/\\\/endoscopiaterapeutica.net\\\/pt\\\/casosclinicos\\\/drenagem-de-colecao-abdominal-pos-pancreatectomia-por-ecoendoscopia-com-protese-de-aposicao-luminal-lams\\\/\"},\"author\":{\"name\":\"Bruno Martins,&nbsp;Marcos Gon\u00e7alves&nbsp;e&nbsp;Guilherme Namur\",\"@id\":\"https:\\\/\\\/endoscopiaterapeutica.net\\\/pt\\\/#\\\/schema\\\/person\\\/6d914a9b14b846b2bb3c52e76b89cb42\"},\"headline\":\"Drenagem de cole\u00e7\u00e3o abdominal p\u00f3s-pancreatectomia por ecoendoscopia com pr\u00f3tese de aposi\u00e7\u00e3o luminal (LAMS)\",\"datePublished\":\"2024-09-17T07:30:00+00:00\",\"dateModified\":\"2024-10-08T00:39:55+00:00\",\"mainEntityOfPage\":{\"@id\":\"https:\\\/\\\/endoscopiaterapeutica.net\\\/pt\\\/casosclinicos\\\/drenagem-de-colecao-abdominal-pos-pancreatectomia-por-ecoendoscopia-com-protese-de-aposicao-luminal-lams\\\/\"},\"wordCount\":433,\"commentCount\":2,\"publisher\":{\"@id\":\"https:\\\/\\\/endoscopiaterapeutica.net\\\/pt\\\/#organization\"},\"image\":{\"@id\":\"https:\\\/\\\/endoscopiaterapeutica.net\\\/pt\\\/casosclinicos\\\/drenagem-de-colecao-abdominal-pos-pancreatectomia-por-ecoendoscopia-com-protese-de-aposicao-luminal-lams\\\/#primaryimage\"},\"thumbnailUrl\":\"https:\\\/\\\/endoscopiaterapeutica.net\\\/pt\\\/wp-content\\\/uploads\\\/2024\\\/09\\\/axios1.png\",\"keywords\":[\"eus\"],\"articleSection\":[\"Casos Cl\u00ednicos\"],\"inLanguage\":\"pt-BR\",\"potentialAction\":[{\"@type\":\"CommentAction\",\"name\":\"Comment\",\"target\":[\"https:\\\/\\\/endoscopiaterapeutica.net\\\/pt\\\/casosclinicos\\\/drenagem-de-colecao-abdominal-pos-pancreatectomia-por-ecoendoscopia-com-protese-de-aposicao-luminal-lams\\\/#respond\"]}]},{\"@type\":\"WebPage\",\"@id\":\"https:\\\/\\\/endoscopiaterapeutica.net\\\/pt\\\/casosclinicos\\\/drenagem-de-colecao-abdominal-pos-pancreatectomia-por-ecoendoscopia-com-protese-de-aposicao-luminal-lams\\\/\",\"url\":\"https:\\\/\\\/endoscopiaterapeutica.net\\\/pt\\\/casosclinicos\\\/drenagem-de-colecao-abdominal-pos-pancreatectomia-por-ecoendoscopia-com-protese-de-aposicao-luminal-lams\\\/\",\"name\":\"Drenagem de cole\u00e7\u00e3o abdominal p\u00f3s-pancreatectomia por ecoendoscopia com pr\u00f3tese de aposi\u00e7\u00e3o luminal (LAMS) &#8226; Endoscopia Terapeutica\",\"isPartOf\":{\"@id\":\"https:\\\/\\\/endoscopiaterapeutica.net\\\/pt\\\/#website\"},\"primaryImageOfPage\":{\"@id\":\"https:\\\/\\\/endoscopiaterapeutica.net\\\/pt\\\/casosclinicos\\\/drenagem-de-colecao-abdominal-pos-pancreatectomia-por-ecoendoscopia-com-protese-de-aposicao-luminal-lams\\\/#primaryimage\"},\"image\":{\"@id\":\"https:\\\/\\\/endoscopiaterapeutica.net\\\/pt\\\/casosclinicos\\\/drenagem-de-colecao-abdominal-pos-pancreatectomia-por-ecoendoscopia-com-protese-de-aposicao-luminal-lams\\\/#primaryimage\"},\"thumbnailUrl\":\"https:\\\/\\\/endoscopiaterapeutica.net\\\/pt\\\/wp-content\\\/uploads\\\/2024\\\/09\\\/axios1.png\",\"datePublished\":\"2024-09-17T07:30:00+00:00\",\"dateModified\":\"2024-10-08T00:39:55+00:00\",\"description\":\"Drenagem de cole\u00e7\u00e3o abdominal p\u00f3s-pancreatectomia por ecoendoscopia com pr\u00f3tese de aposi\u00e7\u00e3o luminal (LAMS)\",\"breadcrumb\":{\"@id\":\"https:\\\/\\\/endoscopiaterapeutica.net\\\/pt\\\/casosclinicos\\\/drenagem-de-colecao-abdominal-pos-pancreatectomia-por-ecoendoscopia-com-protese-de-aposicao-luminal-lams\\\/#breadcrumb\"},\"inLanguage\":\"pt-BR\",\"potentialAction\":[{\"@type\":\"ReadAction\",\"target\":[\"https:\\\/\\\/endoscopiaterapeutica.net\\\/pt\\\/casosclinicos\\\/drenagem-de-colecao-abdominal-pos-pancreatectomia-por-ecoendoscopia-com-protese-de-aposicao-luminal-lams\\\/\"]}]},{\"@type\":\"ImageObject\",\"inLanguage\":\"pt-BR\",\"@id\":\"https:\\\/\\\/endoscopiaterapeutica.net\\\/pt\\\/casosclinicos\\\/drenagem-de-colecao-abdominal-pos-pancreatectomia-por-ecoendoscopia-com-protese-de-aposicao-luminal-lams\\\/#primaryimage\",\"url\":\"https:\\\/\\\/endoscopiaterapeutica.net\\\/pt\\\/wp-content\\\/uploads\\\/2024\\\/09\\\/axios1.png\",\"contentUrl\":\"https:\\\/\\\/endoscopiaterapeutica.net\\\/pt\\\/wp-content\\\/uploads\\\/2024\\\/09\\\/axios1.png\",\"width\":540,\"height\":514},{\"@type\":\"BreadcrumbList\",\"@id\":\"https:\\\/\\\/endoscopiaterapeutica.net\\\/pt\\\/casosclinicos\\\/drenagem-de-colecao-abdominal-pos-pancreatectomia-por-ecoendoscopia-com-protese-de-aposicao-luminal-lams\\\/#breadcrumb\",\"itemListElement\":[{\"@type\":\"ListItem\",\"position\":1,\"name\":\"Home\",\"item\":\"https:\\\/\\\/endoscopiaterapeutica.net\\\/pt\\\/\"},{\"@type\":\"ListItem\",\"position\":2,\"name\":\"Drenagem de cole\u00e7\u00e3o abdominal p\u00f3s-pancreatectomia por ecoendoscopia com pr\u00f3tese de aposi\u00e7\u00e3o luminal (LAMS)\"}]},{\"@type\":\"WebSite\",\"@id\":\"https:\\\/\\\/endoscopiaterapeutica.net\\\/pt\\\/#website\",\"url\":\"https:\\\/\\\/endoscopiaterapeutica.net\\\/pt\\\/\",\"name\":\"Endoscopia Terapeutica\",\"description\":\"O Jornal Endoscopia Terap\u00eautica tem como objetivo compartilhar experi\u00eancias da pr\u00e1tica di\u00e1ria, al\u00e9m de prover atualiza\u00e7\u00f5es e discuss\u00f5es sobre endoscopia digestiva.\",\"publisher\":{\"@id\":\"https:\\\/\\\/endoscopiaterapeutica.net\\\/pt\\\/#organization\"},\"potentialAction\":[{\"@type\":\"SearchAction\",\"target\":{\"@type\":\"EntryPoint\",\"urlTemplate\":\"https:\\\/\\\/endoscopiaterapeutica.net\\\/pt\\\/?s={search_term_string}\"},\"query-input\":{\"@type\":\"PropertyValueSpecification\",\"valueRequired\":true,\"valueName\":\"search_term_string\"}}],\"inLanguage\":\"pt-BR\"},{\"@type\":\"Organization\",\"@id\":\"https:\\\/\\\/endoscopiaterapeutica.net\\\/pt\\\/#organization\",\"name\":\"Endoscopia Terapeutica\",\"url\":\"https:\\\/\\\/endoscopiaterapeutica.net\\\/pt\\\/\",\"logo\":{\"@type\":\"ImageObject\",\"inLanguage\":\"pt-BR\",\"@id\":\"https:\\\/\\\/endoscopiaterapeutica.net\\\/pt\\\/#\\\/schema\\\/logo\\\/image\\\/\",\"url\":\"https:\\\/\\\/endoscopiaterapeutica.net\\\/pt\\\/wp-content\\\/uploads\\\/2023\\\/09\\\/endter.jpg\",\"contentUrl\":\"https:\\\/\\\/endoscopiaterapeutica.net\\\/pt\\\/wp-content\\\/uploads\\\/2023\\\/09\\\/endter.jpg\",\"width\":720,\"height\":721,\"caption\":\"Endoscopia Terapeutica\"},\"image\":{\"@id\":\"https:\\\/\\\/endoscopiaterapeutica.net\\\/pt\\\/#\\\/schema\\\/logo\\\/image\\\/\"},\"sameAs\":[\"https:\\\/\\\/www.facebook.com\\\/endoscopiaterapeutica\",\"https:\\\/\\\/www.instagram.com\\\/endoscopy\\\/\",\"https:\\\/\\\/www.youtube.com\\\/@endoscopyonline\"]},[{\"@type\":[\"Person\"],\"@id\":\"https:\\\/\\\/endoscopiaterapeutica.net\\\/pt\\\/#\\\/schema\\\/person\\\/6d914a9b14b846b2bb3c52e76b89cb42\",\"name\":\"Bruno Martins\",\"image\":{\"@type\":\"ImageObject\",\"@id\":\"https:\\\/\\\/endoscopiaterapeutica.com.br\\\/wp-content\\\/uploads\\\/2021\\\/07\\\/bruno-martins.png\",\"inLanguage\":\"pt_BR\",\"url\":\"https:\\\/\\\/endoscopiaterapeutica.com.br\\\/wp-content\\\/uploads\\\/2021\\\/07\\\/bruno-martins.png\",\"caption\":\"Bruno Martins\"}},{\"@type\":[\"Person\"],\"@id\":\"https:\\\/\\\/endoscopiaterapeutica.net\\\/pt\\\/#\\\/schema\\\/person\\\/6d914a9b14b846b2bb3c52e76b89cb42\",\"name\":\"Marcos Gon\u00e7alves\",\"image\":{\"@type\":\"ImageObject\",\"@id\":\"https:\\\/\\\/endoscopiaterapeutica.com.br\\\/wp-content\\\/uploads\\\/2021\\\/07\\\/bruno-martins.png\",\"inLanguage\":\"pt_BR\",\"url\":\"https:\\\/\\\/secure.gravatar.com\\\/avatar\\\/86da3a647c44d5182cfae2d8c181e1790630669111dc0abc47b2984bf0c4a475?s=96&d=mm&r=g\",\"caption\":\"Marcos Gon\u00e7alves\"}},{\"@type\":[\"Person\"],\"@id\":\"https:\\\/\\\/endoscopiaterapeutica.net\\\/pt\\\/#\\\/schema\\\/person\\\/6d914a9b14b846b2bb3c52e76b89cb42\",\"name\":\"Guilherme Namur\",\"image\":{\"@type\":\"ImageObject\",\"@id\":\"https:\\\/\\\/endoscopiaterapeutica.com.br\\\/wp-content\\\/uploads\\\/2021\\\/07\\\/bruno-martins.png\",\"inLanguage\":\"pt_BR\",\"url\":\"https:\\\/\\\/endoscopiaterapeutica.net\\\/pt\\\/wp-content\\\/uploads\\\/2024\\\/10\\\/WhatsApp-Image-2024-09-25-at-16.02.50.jpeg\",\"caption\":\"Guilherme Namur\"}}]]}<\/script>\n<!-- \/ Yoast SEO Premium plugin. -->","yoast_head_json":{"title":"Drenagem de cole\u00e7\u00e3o abdominal p\u00f3s-pancreatectomia por ecoendoscopia com pr\u00f3tese de aposi\u00e7\u00e3o luminal (LAMS) &#8226; Endoscopia Terapeutica","description":"Drenagem de cole\u00e7\u00e3o abdominal p\u00f3s-pancreatectomia por ecoendoscopia com pr\u00f3tese de aposi\u00e7\u00e3o luminal (LAMS)","robots":{"index":"index","follow":"follow","max-snippet":"max-snippet:-1","max-image-preview":"max-image-preview:large","max-video-preview":"max-video-preview:-1"},"canonical":"https:\/\/endoscopiaterapeutica.net\/pt\/casosclinicos\/drenagem-de-colecao-abdominal-pos-pancreatectomia-por-ecoendoscopia-com-protese-de-aposicao-luminal-lams\/","og_locale":"pt_BR","og_type":"article","og_title":"Drenagem de cole\u00e7\u00e3o abdominal p\u00f3s-pancreatectomia por ecoendoscopia com pr\u00f3tese de aposi\u00e7\u00e3o luminal (LAMS)","og_description":"Caso cl\u00ednico Paciente do sexo feminino, 22 anos, diagnosticada com neoplasia pseudopapilar de cauda p\u00e2ncreas (Tumor de Frantz) Submetida a pancreatectomia","og_url":"https:\/\/endoscopiaterapeutica.net\/pt\/casosclinicos\/drenagem-de-colecao-abdominal-pos-pancreatectomia-por-ecoendoscopia-com-protese-de-aposicao-luminal-lams\/","og_site_name":"Endoscopia Terapeutica","article_publisher":"https:\/\/www.facebook.com\/endoscopiaterapeutica","article_published_time":"2024-09-17T07:30:00+00:00","article_modified_time":"2024-10-08T00:39:55+00:00","og_image":[{"width":540,"height":514,"url":"https:\/\/endoscopiaterapeutica.net\/pt\/wp-content\/uploads\/2024\/09\/axios1.png","type":"image\/png"}],"author":"Bruno Martins,&nbsp;Marcos Gon\u00e7alves&nbsp;e&nbsp;Guilherme Namur","twitter_card":"summary_large_image","twitter_misc":{"Escrito por":"Bruno Martins,&nbsp;Marcos Gon\u00e7alves&nbsp;e&nbsp;Guilherme Namur","Est. tempo de leitura":"3 minutos"},"schema":{"@context":"https:\/\/schema.org","@graph":[{"@type":"Article","@id":"https:\/\/endoscopiaterapeutica.net\/pt\/casosclinicos\/drenagem-de-colecao-abdominal-pos-pancreatectomia-por-ecoendoscopia-com-protese-de-aposicao-luminal-lams\/#article","isPartOf":{"@id":"https:\/\/endoscopiaterapeutica.net\/pt\/casosclinicos\/drenagem-de-colecao-abdominal-pos-pancreatectomia-por-ecoendoscopia-com-protese-de-aposicao-luminal-lams\/"},"author":{"name":"Bruno Martins,&nbsp;Marcos Gon\u00e7alves&nbsp;e&nbsp;Guilherme Namur","@id":"https:\/\/endoscopiaterapeutica.net\/pt\/#\/schema\/person\/6d914a9b14b846b2bb3c52e76b89cb42"},"headline":"Drenagem de cole\u00e7\u00e3o abdominal p\u00f3s-pancreatectomia por ecoendoscopia com pr\u00f3tese de aposi\u00e7\u00e3o luminal (LAMS)","datePublished":"2024-09-17T07:30:00+00:00","dateModified":"2024-10-08T00:39:55+00:00","mainEntityOfPage":{"@id":"https:\/\/endoscopiaterapeutica.net\/pt\/casosclinicos\/drenagem-de-colecao-abdominal-pos-pancreatectomia-por-ecoendoscopia-com-protese-de-aposicao-luminal-lams\/"},"wordCount":433,"commentCount":2,"publisher":{"@id":"https:\/\/endoscopiaterapeutica.net\/pt\/#organization"},"image":{"@id":"https:\/\/endoscopiaterapeutica.net\/pt\/casosclinicos\/drenagem-de-colecao-abdominal-pos-pancreatectomia-por-ecoendoscopia-com-protese-de-aposicao-luminal-lams\/#primaryimage"},"thumbnailUrl":"https:\/\/endoscopiaterapeutica.net\/pt\/wp-content\/uploads\/2024\/09\/axios1.png","keywords":["eus"],"articleSection":["Casos Cl\u00ednicos"],"inLanguage":"pt-BR","potentialAction":[{"@type":"CommentAction","name":"Comment","target":["https:\/\/endoscopiaterapeutica.net\/pt\/casosclinicos\/drenagem-de-colecao-abdominal-pos-pancreatectomia-por-ecoendoscopia-com-protese-de-aposicao-luminal-lams\/#respond"]}]},{"@type":"WebPage","@id":"https:\/\/endoscopiaterapeutica.net\/pt\/casosclinicos\/drenagem-de-colecao-abdominal-pos-pancreatectomia-por-ecoendoscopia-com-protese-de-aposicao-luminal-lams\/","url":"https:\/\/endoscopiaterapeutica.net\/pt\/casosclinicos\/drenagem-de-colecao-abdominal-pos-pancreatectomia-por-ecoendoscopia-com-protese-de-aposicao-luminal-lams\/","name":"Drenagem de cole\u00e7\u00e3o abdominal p\u00f3s-pancreatectomia por ecoendoscopia com pr\u00f3tese de aposi\u00e7\u00e3o luminal (LAMS) &#8226; Endoscopia Terapeutica","isPartOf":{"@id":"https:\/\/endoscopiaterapeutica.net\/pt\/#website"},"primaryImageOfPage":{"@id":"https:\/\/endoscopiaterapeutica.net\/pt\/casosclinicos\/drenagem-de-colecao-abdominal-pos-pancreatectomia-por-ecoendoscopia-com-protese-de-aposicao-luminal-lams\/#primaryimage"},"image":{"@id":"https:\/\/endoscopiaterapeutica.net\/pt\/casosclinicos\/drenagem-de-colecao-abdominal-pos-pancreatectomia-por-ecoendoscopia-com-protese-de-aposicao-luminal-lams\/#primaryimage"},"thumbnailUrl":"https:\/\/endoscopiaterapeutica.net\/pt\/wp-content\/uploads\/2024\/09\/axios1.png","datePublished":"2024-09-17T07:30:00+00:00","dateModified":"2024-10-08T00:39:55+00:00","description":"Drenagem de cole\u00e7\u00e3o abdominal p\u00f3s-pancreatectomia por ecoendoscopia com pr\u00f3tese de aposi\u00e7\u00e3o luminal (LAMS)","breadcrumb":{"@id":"https:\/\/endoscopiaterapeutica.net\/pt\/casosclinicos\/drenagem-de-colecao-abdominal-pos-pancreatectomia-por-ecoendoscopia-com-protese-de-aposicao-luminal-lams\/#breadcrumb"},"inLanguage":"pt-BR","potentialAction":[{"@type":"ReadAction","target":["https:\/\/endoscopiaterapeutica.net\/pt\/casosclinicos\/drenagem-de-colecao-abdominal-pos-pancreatectomia-por-ecoendoscopia-com-protese-de-aposicao-luminal-lams\/"]}]},{"@type":"ImageObject","inLanguage":"pt-BR","@id":"https:\/\/endoscopiaterapeutica.net\/pt\/casosclinicos\/drenagem-de-colecao-abdominal-pos-pancreatectomia-por-ecoendoscopia-com-protese-de-aposicao-luminal-lams\/#primaryimage","url":"https:\/\/endoscopiaterapeutica.net\/pt\/wp-content\/uploads\/2024\/09\/axios1.png","contentUrl":"https:\/\/endoscopiaterapeutica.net\/pt\/wp-content\/uploads\/2024\/09\/axios1.png","width":540,"height":514},{"@type":"BreadcrumbList","@id":"https:\/\/endoscopiaterapeutica.net\/pt\/casosclinicos\/drenagem-de-colecao-abdominal-pos-pancreatectomia-por-ecoendoscopia-com-protese-de-aposicao-luminal-lams\/#breadcrumb","itemListElement":[{"@type":"ListItem","position":1,"name":"Home","item":"https:\/\/endoscopiaterapeutica.net\/pt\/"},{"@type":"ListItem","position":2,"name":"Drenagem de cole\u00e7\u00e3o abdominal p\u00f3s-pancreatectomia por ecoendoscopia com pr\u00f3tese de aposi\u00e7\u00e3o luminal (LAMS)"}]},{"@type":"WebSite","@id":"https:\/\/endoscopiaterapeutica.net\/pt\/#website","url":"https:\/\/endoscopiaterapeutica.net\/pt\/","name":"Endoscopia Terapeutica","description":"O Jornal Endoscopia Terap\u00eautica tem como objetivo compartilhar experi\u00eancias da pr\u00e1tica di\u00e1ria, al\u00e9m de prover atualiza\u00e7\u00f5es e discuss\u00f5es sobre endoscopia digestiva.","publisher":{"@id":"https:\/\/endoscopiaterapeutica.net\/pt\/#organization"},"potentialAction":[{"@type":"SearchAction","target":{"@type":"EntryPoint","urlTemplate":"https:\/\/endoscopiaterapeutica.net\/pt\/?s={search_term_string}"},"query-input":{"@type":"PropertyValueSpecification","valueRequired":true,"valueName":"search_term_string"}}],"inLanguage":"pt-BR"},{"@type":"Organization","@id":"https:\/\/endoscopiaterapeutica.net\/pt\/#organization","name":"Endoscopia Terapeutica","url":"https:\/\/endoscopiaterapeutica.net\/pt\/","logo":{"@type":"ImageObject","inLanguage":"pt-BR","@id":"https:\/\/endoscopiaterapeutica.net\/pt\/#\/schema\/logo\/image\/","url":"https:\/\/endoscopiaterapeutica.net\/pt\/wp-content\/uploads\/2023\/09\/endter.jpg","contentUrl":"https:\/\/endoscopiaterapeutica.net\/pt\/wp-content\/uploads\/2023\/09\/endter.jpg","width":720,"height":721,"caption":"Endoscopia Terapeutica"},"image":{"@id":"https:\/\/endoscopiaterapeutica.net\/pt\/#\/schema\/logo\/image\/"},"sameAs":["https:\/\/www.facebook.com\/endoscopiaterapeutica","https:\/\/www.instagram.com\/endoscopy\/","https:\/\/www.youtube.com\/@endoscopyonline"]},[{"@type":["Person"],"@id":"https:\/\/endoscopiaterapeutica.net\/pt\/#\/schema\/person\/6d914a9b14b846b2bb3c52e76b89cb42","name":"Bruno Martins","image":{"@type":"ImageObject","@id":"https:\/\/endoscopiaterapeutica.com.br\/wp-content\/uploads\/2021\/07\/bruno-martins.png","inLanguage":"pt_BR","url":"https:\/\/endoscopiaterapeutica.com.br\/wp-content\/uploads\/2021\/07\/bruno-martins.png","caption":"Bruno Martins"}},{"@type":["Person"],"@id":"https:\/\/endoscopiaterapeutica.net\/pt\/#\/schema\/person\/6d914a9b14b846b2bb3c52e76b89cb42","name":"Marcos Gon\u00e7alves","image":{"@type":"ImageObject","@id":"https:\/\/endoscopiaterapeutica.com.br\/wp-content\/uploads\/2021\/07\/bruno-martins.png","inLanguage":"pt_BR","url":"https:\/\/secure.gravatar.com\/avatar\/86da3a647c44d5182cfae2d8c181e1790630669111dc0abc47b2984bf0c4a475?s=96&d=mm&r=g","caption":"Marcos Gon\u00e7alves"}},{"@type":["Person"],"@id":"https:\/\/endoscopiaterapeutica.net\/pt\/#\/schema\/person\/6d914a9b14b846b2bb3c52e76b89cb42","name":"Guilherme Namur","image":{"@type":"ImageObject","@id":"https:\/\/endoscopiaterapeutica.com.br\/wp-content\/uploads\/2021\/07\/bruno-martins.png","inLanguage":"pt_BR","url":"https:\/\/endoscopiaterapeutica.net\/pt\/wp-content\/uploads\/2024\/10\/WhatsApp-Image-2024-09-25-at-16.02.50.jpeg","caption":"Guilherme Namur"}}]]}},"_links":{"self":[{"href":"https:\/\/endoscopiaterapeutica.net\/pt\/wp-json\/wp\/v2\/posts\/19410","targetHints":{"allow":["GET"]}}],"collection":[{"href":"https:\/\/endoscopiaterapeutica.net\/pt\/wp-json\/wp\/v2\/posts"}],"about":[{"href":"https:\/\/endoscopiaterapeutica.net\/pt\/wp-json\/wp\/v2\/types\/post"}],"author":[{"embeddable":true,"href":"https:\/\/endoscopiaterapeutica.net\/pt\/wp-json\/wp\/v2\/users\/712"}],"replies":[{"embeddable":true,"href":"https:\/\/endoscopiaterapeutica.net\/pt\/wp-json\/wp\/v2\/comments?post=19410"}],"version-history":[{"count":8,"href":"https:\/\/endoscopiaterapeutica.net\/pt\/wp-json\/wp\/v2\/posts\/19410\/revisions"}],"predecessor-version":[{"id":19511,"href":"https:\/\/endoscopiaterapeutica.net\/pt\/wp-json\/wp\/v2\/posts\/19410\/revisions\/19511"}],"wp:featuredmedia":[{"embeddable":true,"href":"https:\/\/endoscopiaterapeutica.net\/pt\/wp-json\/wp\/v2\/media\/19429"}],"wp:attachment":[{"href":"https:\/\/endoscopiaterapeutica.net\/pt\/wp-json\/wp\/v2\/media?parent=19410"}],"wp:term":[{"taxonomy":"category","embeddable":true,"href":"https:\/\/endoscopiaterapeutica.net\/pt\/wp-json\/wp\/v2\/categories?post=19410"},{"taxonomy":"post_tag","embeddable":true,"href":"https:\/\/endoscopiaterapeutica.net\/pt\/wp-json\/wp\/v2\/tags?post=19410"},{"taxonomy":"ano","embeddable":true,"href":"https:\/\/endoscopiaterapeutica.net\/pt\/wp-json\/wp\/v2\/ano?post=19410"},{"taxonomy":"tipo","embeddable":true,"href":"https:\/\/endoscopiaterapeutica.net\/pt\/wp-json\/wp\/v2\/tipo?post=19410"},{"taxonomy":"volume","embeddable":true,"href":"https:\/\/endoscopiaterapeutica.net\/pt\/wp-json\/wp\/v2\/volume?post=19410"}],"curies":[{"name":"wp","href":"https:\/\/api.w.org\/{rel}","templated":true}]}}