{"id":18407,"date":"2024-04-02T07:00:10","date_gmt":"2024-04-02T07:00:10","guid":{"rendered":"https:\/\/endoscopiaterapeutica.net\/pt\/?p=18407"},"modified":"2024-04-02T21:35:49","modified_gmt":"2024-04-02T21:35:49","slug":"polipo-hamartomatoso-juvenil-solitario-pediatrico-relato-de-caso-e-revisao-de-literatura","status":"publish","type":"post","link":"https:\/\/endoscopiaterapeutica.net\/pt\/casosclinicos\/polipo-hamartomatoso-juvenil-solitario-pediatrico-relato-de-caso-e-revisao-de-literatura\/","title":{"rendered":"P\u00f3lipo hamartomatoso juvenil solit\u00e1rio pedi\u00e1trico: relato de caso e revis\u00e3o de literatura."},"content":{"rendered":"\n<p>Paciente do sexo feminino, 4 anos de idade, apresentando epis\u00f3dios recorrentes de sangramento retal (hematoquezia) h\u00e1 11 meses, sem instabilidade hemodin\u00e2mica ou necessidade de hemotransfus\u00e3o. Hist\u00f3rico atual de intoler\u00e2ncia \u00e0 lactose, sem outras doen\u00e7as cr\u00f4nicas ou cirurgias. Apesar da exclus\u00e3o de lactic\u00ednios e derivados da dieta, os epis\u00f3dios de sangramento persistiram.<br>Realizou colonoscopia, ambulatorialmente, onde foi identificado um p\u00f3lipo pediculado lobulado no c\u00f3lon descendente distal, com mucosa congesta e edematosa, coberta por fibrina e \u00e1reas hiper\u00eamicas, com padr\u00e3o de criptas tipo II de Kudo (Fig.1-2). O p\u00f3lo cef\u00e1lico tinha aproximadamente 3 cm de di\u00e2metro, com um ped\u00edculo longo e largo (Fig.3-4). Foi realizada a polipectomia utilizando al\u00e7a diat\u00e9rmica, com ressec\u00e7\u00e3o completa em monobloco (Fig.5-6). Optou-se pelo fechamento do s\u00edtio da excis\u00e3o com um endoclipe, sem complica\u00e7\u00f5es (Fig.7-8). N\u00e3o houve achados adicionais nos demais segmentos estudados. O procedimento teve dura\u00e7\u00e3o de 30 minutos, com alta da paciente ap\u00f3s sua conclus\u00e3o.<\/p>\n\n\n\n<figure class=\"wp-block-gallery has-nested-images columns-default is-cropped wp-block-gallery-1 is-layout-flex wp-block-gallery-is-layout-flex\">\n<figure class=\"wp-block-image size-large\"><a href=\"https:\/\/endoscopiaterapeutica.net\/pt\/wp-content\/uploads\/2024\/03\/FOTO-1-Polipo-na-luz-branca.jpg\" data-rel=\"penci-gallery-image-content\" ><img fetchpriority=\"high\" decoding=\"async\" width=\"1024\" height=\"819\" data-id=\"18408\" src=\"https:\/\/endoscopiaterapeutica.net\/pt\/wp-content\/uploads\/2024\/03\/FOTO-1-Polipo-na-luz-branca-1024x819.jpg?v=1711471517\" alt=\"\" class=\"wp-image-18408\" srcset=\"https:\/\/endoscopiaterapeutica.net\/pt\/wp-content\/uploads\/2024\/03\/FOTO-1-Polipo-na-luz-branca-1024x819.jpg?v=1711471517 1024w, https:\/\/endoscopiaterapeutica.net\/pt\/wp-content\/uploads\/2024\/03\/FOTO-1-Polipo-na-luz-branca-300x240.jpg?v=1711471517 300w, https:\/\/endoscopiaterapeutica.net\/pt\/wp-content\/uploads\/2024\/03\/FOTO-1-Polipo-na-luz-branca-768x614.jpg?v=1711471517 768w, https:\/\/endoscopiaterapeutica.net\/pt\/wp-content\/uploads\/2024\/03\/FOTO-1-Polipo-na-luz-branca-1170x936.jpg?v=1711471517 1170w, https:\/\/endoscopiaterapeutica.net\/pt\/wp-content\/uploads\/2024\/03\/FOTO-1-Polipo-na-luz-branca-585x468.jpg?v=1711471517 585w, https:\/\/endoscopiaterapeutica.net\/pt\/wp-content\/uploads\/2024\/03\/FOTO-1-Polipo-na-luz-branca.jpg?v=1711471517 1280w\" sizes=\"(max-width: 1024px) 100vw, 1024px\" \/><\/a><figcaption class=\"wp-element-caption\"><em>Figura 1<\/em><\/figcaption><\/figure>\n\n\n\n<figure class=\"wp-block-image size-large\"><a href=\"https:\/\/endoscopiaterapeutica.net\/pt\/wp-content\/uploads\/2024\/03\/FOTO-2-Polipo-visao-subaquaica.jpg\" data-rel=\"penci-gallery-image-content\" ><img decoding=\"async\" width=\"1024\" height=\"819\" data-id=\"18410\" src=\"https:\/\/endoscopiaterapeutica.net\/pt\/wp-content\/uploads\/2024\/03\/FOTO-2-Polipo-visao-subaquaica-1024x819.jpg?v=1711471517\" alt=\"\" class=\"wp-image-18410\" srcset=\"https:\/\/endoscopiaterapeutica.net\/pt\/wp-content\/uploads\/2024\/03\/FOTO-2-Polipo-visao-subaquaica-1024x819.jpg?v=1711471517 1024w, https:\/\/endoscopiaterapeutica.net\/pt\/wp-content\/uploads\/2024\/03\/FOTO-2-Polipo-visao-subaquaica-300x240.jpg?v=1711471517 300w, https:\/\/endoscopiaterapeutica.net\/pt\/wp-content\/uploads\/2024\/03\/FOTO-2-Polipo-visao-subaquaica-768x614.jpg?v=1711471517 768w, https:\/\/endoscopiaterapeutica.net\/pt\/wp-content\/uploads\/2024\/03\/FOTO-2-Polipo-visao-subaquaica-1170x936.jpg?v=1711471517 1170w, https:\/\/endoscopiaterapeutica.net\/pt\/wp-content\/uploads\/2024\/03\/FOTO-2-Polipo-visao-subaquaica-585x468.jpg?v=1711471517 585w, https:\/\/endoscopiaterapeutica.net\/pt\/wp-content\/uploads\/2024\/03\/FOTO-2-Polipo-visao-subaquaica.jpg?v=1711471517 1280w\" sizes=\"(max-width: 1024px) 100vw, 1024px\" \/><\/a><figcaption class=\"wp-element-caption\"><em>Figura 2<\/em><\/figcaption><\/figure>\n\n\n\n<figure class=\"wp-block-image size-large\"><a href=\"https:\/\/endoscopiaterapeutica.net\/pt\/wp-content\/uploads\/2024\/03\/FOTO-3-Pediculo-1024x819.jpg?v=1711471517\"><img decoding=\"async\" width=\"1024\" height=\"819\" data-id=\"18412\" src=\"https:\/\/endoscopiaterapeutica.net\/pt\/wp-content\/uploads\/2024\/03\/FOTO-3-Pediculo-1024x819.jpg?v=1711471517\" alt=\"\" class=\"wp-image-18412\" srcset=\"https:\/\/endoscopiaterapeutica.net\/pt\/wp-content\/uploads\/2024\/03\/FOTO-3-Pediculo-1024x819.jpg?v=1711471517 1024w, https:\/\/endoscopiaterapeutica.net\/pt\/wp-content\/uploads\/2024\/03\/FOTO-3-Pediculo-300x240.jpg?v=1711471517 300w, https:\/\/endoscopiaterapeutica.net\/pt\/wp-content\/uploads\/2024\/03\/FOTO-3-Pediculo-768x614.jpg?v=1711471517 768w, https:\/\/endoscopiaterapeutica.net\/pt\/wp-content\/uploads\/2024\/03\/FOTO-3-Pediculo-1170x936.jpg?v=1711471517 1170w, https:\/\/endoscopiaterapeutica.net\/pt\/wp-content\/uploads\/2024\/03\/FOTO-3-Pediculo-585x468.jpg?v=1711471517 585w, https:\/\/endoscopiaterapeutica.net\/pt\/wp-content\/uploads\/2024\/03\/FOTO-3-Pediculo.jpg?v=1711471517 1280w\" sizes=\"(max-width: 1024px) 100vw, 1024px\" \/><\/a><figcaption class=\"wp-element-caption\"><em>Figura 3<\/em><\/figcaption><\/figure>\n\n\n\n<figure class=\"wp-block-image size-large\"><a href=\"https:\/\/endoscopiaterapeutica.net\/pt\/wp-content\/uploads\/2024\/03\/FOTO-4-Pediculo-visao-subaquatica.jpg\" data-rel=\"penci-gallery-image-content\" ><img loading=\"lazy\" decoding=\"async\" width=\"1024\" height=\"819\" data-id=\"18409\" src=\"https:\/\/endoscopiaterapeutica.net\/pt\/wp-content\/uploads\/2024\/03\/FOTO-4-Pediculo-visao-subaquatica-1024x819.jpg?v=1711471517\" alt=\"\" class=\"wp-image-18409\" srcset=\"https:\/\/endoscopiaterapeutica.net\/pt\/wp-content\/uploads\/2024\/03\/FOTO-4-Pediculo-visao-subaquatica-1024x819.jpg?v=1711471517 1024w, https:\/\/endoscopiaterapeutica.net\/pt\/wp-content\/uploads\/2024\/03\/FOTO-4-Pediculo-visao-subaquatica-300x240.jpg?v=1711471517 300w, https:\/\/endoscopiaterapeutica.net\/pt\/wp-content\/uploads\/2024\/03\/FOTO-4-Pediculo-visao-subaquatica-768x614.jpg?v=1711471517 768w, https:\/\/endoscopiaterapeutica.net\/pt\/wp-content\/uploads\/2024\/03\/FOTO-4-Pediculo-visao-subaquatica-1170x936.jpg?v=1711471517 1170w, https:\/\/endoscopiaterapeutica.net\/pt\/wp-content\/uploads\/2024\/03\/FOTO-4-Pediculo-visao-subaquatica-585x468.jpg?v=1711471517 585w, https:\/\/endoscopiaterapeutica.net\/pt\/wp-content\/uploads\/2024\/03\/FOTO-4-Pediculo-visao-subaquatica.jpg?v=1711471517 1280w\" sizes=\"(max-width: 1024px) 100vw, 1024px\" \/><\/a><figcaption class=\"wp-element-caption\"><em>Figura 4<\/em><\/figcaption><\/figure>\n\n\n\n<figure class=\"wp-block-image size-large\"><a href=\"https:\/\/endoscopiaterapeutica.net\/pt\/wp-content\/uploads\/2024\/03\/FOTO-5-Polipectomia-com-alca.jpg\" data-rel=\"penci-gallery-image-content\" ><img loading=\"lazy\" decoding=\"async\" width=\"1024\" height=\"819\" data-id=\"18411\" src=\"https:\/\/endoscopiaterapeutica.net\/pt\/wp-content\/uploads\/2024\/03\/FOTO-5-Polipectomia-com-alca-1024x819.jpg?v=1711471517\" alt=\"\" class=\"wp-image-18411\" srcset=\"https:\/\/endoscopiaterapeutica.net\/pt\/wp-content\/uploads\/2024\/03\/FOTO-5-Polipectomia-com-alca-1024x819.jpg?v=1711471517 1024w, https:\/\/endoscopiaterapeutica.net\/pt\/wp-content\/uploads\/2024\/03\/FOTO-5-Polipectomia-com-alca-300x240.jpg?v=1711471517 300w, https:\/\/endoscopiaterapeutica.net\/pt\/wp-content\/uploads\/2024\/03\/FOTO-5-Polipectomia-com-alca-768x614.jpg?v=1711471517 768w, https:\/\/endoscopiaterapeutica.net\/pt\/wp-content\/uploads\/2024\/03\/FOTO-5-Polipectomia-com-alca-1170x936.jpg?v=1711471517 1170w, https:\/\/endoscopiaterapeutica.net\/pt\/wp-content\/uploads\/2024\/03\/FOTO-5-Polipectomia-com-alca-585x468.jpg?v=1711471517 585w, https:\/\/endoscopiaterapeutica.net\/pt\/wp-content\/uploads\/2024\/03\/FOTO-5-Polipectomia-com-alca.jpg?v=1711471517 1280w\" sizes=\"(max-width: 1024px) 100vw, 1024px\" \/><\/a><figcaption class=\"wp-element-caption\"><em>Figura 5<\/em><\/figcaption><\/figure>\n\n\n\n<figure class=\"wp-block-image size-large\"><a href=\"https:\/\/endoscopiaterapeutica.net\/pt\/wp-content\/uploads\/2024\/03\/FOTO-6-Pos-resseccao.jpg\" data-rel=\"penci-gallery-image-content\" ><img loading=\"lazy\" decoding=\"async\" width=\"1024\" height=\"819\" data-id=\"18414\" src=\"https:\/\/endoscopiaterapeutica.net\/pt\/wp-content\/uploads\/2024\/03\/FOTO-6-Pos-resseccao-1024x819.jpg?v=1711471517\" alt=\"\" class=\"wp-image-18414\" srcset=\"https:\/\/endoscopiaterapeutica.net\/pt\/wp-content\/uploads\/2024\/03\/FOTO-6-Pos-resseccao-1024x819.jpg?v=1711471517 1024w, https:\/\/endoscopiaterapeutica.net\/pt\/wp-content\/uploads\/2024\/03\/FOTO-6-Pos-resseccao-300x240.jpg?v=1711471517 300w, https:\/\/endoscopiaterapeutica.net\/pt\/wp-content\/uploads\/2024\/03\/FOTO-6-Pos-resseccao-768x614.jpg?v=1711471517 768w, https:\/\/endoscopiaterapeutica.net\/pt\/wp-content\/uploads\/2024\/03\/FOTO-6-Pos-resseccao-1170x936.jpg?v=1711471517 1170w, https:\/\/endoscopiaterapeutica.net\/pt\/wp-content\/uploads\/2024\/03\/FOTO-6-Pos-resseccao-585x468.jpg?v=1711471517 585w, https:\/\/endoscopiaterapeutica.net\/pt\/wp-content\/uploads\/2024\/03\/FOTO-6-Pos-resseccao.jpg?v=1711471517 1280w\" sizes=\"(max-width: 1024px) 100vw, 1024px\" \/><\/a><figcaption class=\"wp-element-caption\"><em>Figura 6<\/em><\/figcaption><\/figure>\n\n\n\n<figure class=\"wp-block-image size-large\"><a href=\"https:\/\/endoscopiaterapeutica.net\/pt\/wp-content\/uploads\/2024\/03\/FOTO-7-Endoclipe.jpg\" data-rel=\"penci-gallery-image-content\" ><img loading=\"lazy\" decoding=\"async\" width=\"1024\" height=\"819\" data-id=\"18415\" src=\"https:\/\/endoscopiaterapeutica.net\/pt\/wp-content\/uploads\/2024\/03\/FOTO-7-Endoclipe-1024x819.jpg?v=1711471518\" alt=\"\" class=\"wp-image-18415\" srcset=\"https:\/\/endoscopiaterapeutica.net\/pt\/wp-content\/uploads\/2024\/03\/FOTO-7-Endoclipe-1024x819.jpg?v=1711471518 1024w, https:\/\/endoscopiaterapeutica.net\/pt\/wp-content\/uploads\/2024\/03\/FOTO-7-Endoclipe-300x240.jpg?v=1711471518 300w, https:\/\/endoscopiaterapeutica.net\/pt\/wp-content\/uploads\/2024\/03\/FOTO-7-Endoclipe-768x614.jpg?v=1711471518 768w, https:\/\/endoscopiaterapeutica.net\/pt\/wp-content\/uploads\/2024\/03\/FOTO-7-Endoclipe-1170x936.jpg?v=1711471518 1170w, https:\/\/endoscopiaterapeutica.net\/pt\/wp-content\/uploads\/2024\/03\/FOTO-7-Endoclipe-585x468.jpg?v=1711471518 585w, https:\/\/endoscopiaterapeutica.net\/pt\/wp-content\/uploads\/2024\/03\/FOTO-7-Endoclipe.jpg?v=1711471518 1280w\" sizes=\"(max-width: 1024px) 100vw, 1024px\" \/><\/a><figcaption class=\"wp-element-caption\"><em>Figura 7<\/em><\/figcaption><\/figure>\n\n\n\n<figure class=\"wp-block-image size-large\"><a href=\"https:\/\/endoscopiaterapeutica.net\/pt\/wp-content\/uploads\/2024\/03\/FOTO-8-Peca-pos-resseccao.jpg\" data-rel=\"penci-gallery-image-content\" ><img loading=\"lazy\" decoding=\"async\" width=\"1024\" height=\"819\" data-id=\"18413\" src=\"https:\/\/endoscopiaterapeutica.net\/pt\/wp-content\/uploads\/2024\/03\/FOTO-8-Peca-pos-resseccao-1024x819.jpg?v=1711471517\" alt=\"\" class=\"wp-image-18413\" srcset=\"https:\/\/endoscopiaterapeutica.net\/pt\/wp-content\/uploads\/2024\/03\/FOTO-8-Peca-pos-resseccao-1024x819.jpg?v=1711471517 1024w, https:\/\/endoscopiaterapeutica.net\/pt\/wp-content\/uploads\/2024\/03\/FOTO-8-Peca-pos-resseccao-300x240.jpg?v=1711471517 300w, https:\/\/endoscopiaterapeutica.net\/pt\/wp-content\/uploads\/2024\/03\/FOTO-8-Peca-pos-resseccao-768x614.jpg?v=1711471517 768w, https:\/\/endoscopiaterapeutica.net\/pt\/wp-content\/uploads\/2024\/03\/FOTO-8-Peca-pos-resseccao-1170x936.jpg?v=1711471517 1170w, https:\/\/endoscopiaterapeutica.net\/pt\/wp-content\/uploads\/2024\/03\/FOTO-8-Peca-pos-resseccao-585x468.jpg?v=1711471517 585w, https:\/\/endoscopiaterapeutica.net\/pt\/wp-content\/uploads\/2024\/03\/FOTO-8-Peca-pos-resseccao.jpg?v=1711471517 1280w\" sizes=\"(max-width: 1024px) 100vw, 1024px\" \/><\/a><figcaption class=\"wp-element-caption\"><em>Figura 8<\/em><\/figcaption><\/figure>\n<\/figure>\n\n\n\n<p>O exame anatomopatol\u00f3gico revelou tratar-se de uma les\u00e3o polip\u00f3ide hiperpl\u00e1sica benigna, com estroma frouxo (Fig.9-10). As estruturas glandulares estavam hiperpl\u00e1sicas, variando de tamanho e ocasionalmente dilatadas cisticamente, sem apresentar atipias. O diagn\u00f3stico \u00e9 compat\u00edvel com p\u00f3lipo hamartomatoso juvenil.<\/p>\n\n\n\n<figure class=\"wp-block-gallery has-nested-images columns-default is-cropped wp-block-gallery-2 is-layout-flex wp-block-gallery-is-layout-flex\">\n<figure class=\"wp-block-image size-large\"><a href=\"https:\/\/endoscopiaterapeutica.net\/pt\/wp-content\/uploads\/2024\/03\/FOTO-9-Anatomopatologico.jpg\" data-rel=\"penci-gallery-image-content\" ><img loading=\"lazy\" decoding=\"async\" width=\"605\" height=\"700\" data-id=\"18416\" src=\"https:\/\/endoscopiaterapeutica.net\/pt\/wp-content\/uploads\/2024\/03\/FOTO-9-Anatomopatologico.jpg\" alt=\"\" class=\"wp-image-18416\" srcset=\"https:\/\/endoscopiaterapeutica.net\/pt\/wp-content\/uploads\/2024\/03\/FOTO-9-Anatomopatologico.jpg?v=1711471598 605w, https:\/\/endoscopiaterapeutica.net\/pt\/wp-content\/uploads\/2024\/03\/FOTO-9-Anatomopatologico-259x300.jpg?v=1711471598 259w, https:\/\/endoscopiaterapeutica.net\/pt\/wp-content\/uploads\/2024\/03\/FOTO-9-Anatomopatologico-585x677.jpg?v=1711471598 585w\" sizes=\"(max-width: 605px) 100vw, 605px\" \/><\/a><figcaption class=\"wp-element-caption\"><em>Figura 9<\/em><\/figcaption><\/figure>\n\n\n\n<figure class=\"wp-block-image size-large\"><a href=\"https:\/\/endoscopiaterapeutica.net\/pt\/wp-content\/uploads\/2024\/03\/FOTO-10-Anatomopatologico-2.jpg\" data-rel=\"penci-gallery-image-content\" ><img loading=\"lazy\" decoding=\"async\" width=\"720\" height=\"995\" data-id=\"18417\" src=\"https:\/\/endoscopiaterapeutica.net\/pt\/wp-content\/uploads\/2024\/03\/FOTO-10-Anatomopatologico-2.jpg\" alt=\"\" class=\"wp-image-18417\" srcset=\"https:\/\/endoscopiaterapeutica.net\/pt\/wp-content\/uploads\/2024\/03\/FOTO-10-Anatomopatologico-2.jpg?v=1711471598 720w, https:\/\/endoscopiaterapeutica.net\/pt\/wp-content\/uploads\/2024\/03\/FOTO-10-Anatomopatologico-2-217x300.jpg?v=1711471598 217w, https:\/\/endoscopiaterapeutica.net\/pt\/wp-content\/uploads\/2024\/03\/FOTO-10-Anatomopatologico-2-585x808.jpg?v=1711471598 585w\" sizes=\"(max-width: 720px) 100vw, 720px\" \/><\/a><figcaption class=\"wp-element-caption\"><em>Figura 10<\/em><\/figcaption><\/figure>\n<\/figure>\n\n\n\n<h2 class=\"wp-block-heading\" id=\"h-revisao-de-literatura\"><strong><strong>Revis\u00e3o de literatura<\/strong><\/strong><\/h2>\n\n\n\n<p>As principais causas de hemorragia digestiva baixa, em crian\u00e7as de 2 a 12 anos, incluem fissura anal, p\u00f3lipo juvenil, enterocolite infecciosa e DII (Doen\u00e7a Inflamat\u00f3ria Intestinal). Mais raramente, podem estar relacionadas \u00e0 \u00falcera retal solit\u00e1ria, duplica\u00e7\u00e3o intestinal, p\u00farpura de Henoch-Sch\u00f6nlein, s\u00edndrome hemol\u00edtico-ur\u00eamica e malforma\u00e7\u00e3o vascular col\u00f4nica.<\/p>\n\n\n\n<p>A presen\u00e7a de p\u00f3lipo hamartomatoso juvenil solit\u00e1rio (espor\u00e1dico), em crian\u00e7as com menos de 10 anos de idade, tem incid\u00eancia de at\u00e9 2%. O termo &#8220;juvenil&#8221; refere-se ao tipo anatomopatol\u00f3gico do p\u00f3lipo e n\u00e3o \u00e0 idade de aparecimento. Apesar de serem infrequentes, tamb\u00e9m s\u00e3o descritos casos em adultos. Esses p\u00f3lipos n\u00e3o s\u00e3o neopl\u00e1sicos, apresentando histologicamente espa\u00e7os c\u00edsticos dilatados, inflama\u00e7\u00e3o, aumento da vasculariza\u00e7\u00e3o e \u00e1reas de destrui\u00e7\u00e3o epitelial.<\/p>\n\n\n\n<p>Distribuem-se por qualquer segmento col\u00f4nico, com predile\u00e7\u00e3o pelo hemic\u00f3lon esquerdo, sendo a topografia retossigmoidea a mais comum. O tipo pediculado \u00e9 o mais frequente. Apesar da denomina\u00e7\u00e3o &#8220;p\u00f3lipos juvenis solit\u00e1rios&#8221;, eles podem ser \u00fanicos ou ocorrer em at\u00e9 5 p\u00f3lipos, sendo que 50% das crian\u00e7as com essa condi\u00e7\u00e3o apresentam mais de um p\u00f3lipo. A verdadeira incid\u00eancia de p\u00f3lipos juvenis solit\u00e1rios \u00e9 subestimada devido \u00e0 sua apresenta\u00e7\u00e3o cl\u00ednica discreta e, geralmente, indolor, al\u00e9m da dificuldade do acesso a exame confirmat\u00f3rio.<\/p>\n\n\n\n<p>O tipo pediculado \u00e9 o mais frequente. Eventualmente, pode ocorrer tor\u00e7\u00e3o no pr\u00f3prio eixo e autoamputa\u00e7\u00e3o do p\u00f3lipo, com consequente hemorragia, que pode ser volumosa.<\/p>\n\n\n\n<p>Ao exame, o tamanho varia de 1 a 3 cm de di\u00e2metro, com friabilidade associada, o que leva ao sangramento retal. Pode haver prolapso do p\u00f3lipo atrav\u00e9s do \u00e2nus e, raramente, dor abdominal. Um ter\u00e7o das crian\u00e7as apresenta-se com anemia microc\u00edtica em consequ\u00eancia do sangramento cr\u00f4nico, fato que pode induzir erroneamente o diagn\u00f3stico de doen\u00e7a inflamat\u00f3ria intestinal e postergar a solicita\u00e7\u00e3o da colonoscopia.<\/p>\n\n\n\n<p>\u00c9 essencial frisar que o p\u00f3lipo hamartomatoso juvenil solit\u00e1rio difere da <a href=\"https:\/\/endoscopiaterapeutica.net\/pt\/assuntosgerais\/sindrome-da-polipose-juvenil\/\">s\u00edndrome da polipose juvenil familiar (SPJ)<\/a>. A SPJ tamb\u00e9m \u00e9 caracterizada pela presen\u00e7a de p\u00f3lipos hamartomatosos contudo trata-se de uma doen\u00e7a gen\u00e9tica autoss\u00f4mica dominante, causada por muta\u00e7\u00f5es nos genes SMAD4 e BMPR1A, que confere um risco aumentado de desenvolver c\u00e2ncer no trato gastrointestinal ao longo da vida. A SPJ abrange a S\u00edndrome da Polipose Juvenil, a S\u00edndrome de Peutz-Jeghers e a S\u00edndrome do Tumor Hamartomatoso PTEN. O diagn\u00f3stico da SPJ requer o preenchimento de um dos seguintes crit\u00e9rios: <\/p>\n\n\n\n<ul class=\"wp-block-list\">\n<li>1) mais de 5 p\u00f3lipos juvenis no c\u00f3lon e\/ou no reto;<\/li>\n\n\n\n<li>2) m\u00faltiplos p\u00f3lipos juvenis ao longo do trato gastrointestinal;<\/li>\n\n\n\n<li>3) qualquer n\u00famero de p\u00f3lipos com hist\u00f3ria familiar presente.<\/li>\n<\/ul>\n\n\n\n<p> A SPJ familiar \u00e9 uma condi\u00e7\u00e3o pr\u00e9-neopl\u00e1sica, distinguindo-se do p\u00f3lipo hamartomatoso solit\u00e1rio, que \u00e9 espor\u00e1dico, benigno e apresenta baixo risco de maligniza\u00e7\u00e3o.<\/p>\n\n\n\n<p>A colonoscopia \u00e9 uma ferramenta amplamente utilizada em todo o mundo para diagnosticar sangramentos gastrointestinais baixos e, frequentemente, serve como m\u00e9todo terap\u00eautico em muitos desses casos. No entanto, os exames endosc\u00f3picos pedi\u00e1tricos apresentam particularidades que exigem cuidados m\u00ednimos essenciais, devendo ser realizados em hospitais que possuam servi\u00e7os de pediatria e anestesia preparados, tendo assegurado o apoio multiespecialidades indispens\u00e1veis ao tratamento de poss\u00edveis complica\u00e7\u00f5es, sobretudo quando se pratica endoscopia terap\u00eautica.&nbsp; Al\u00e9m disso, o preparo adequado dos c\u00f3lons \u00e9 outro aspecto crucial, que pode representar um desafio, podendo atrasar ou adiar o acesso ao exame, diagn\u00f3stico e tratamento.<\/p>\n\n\n\n<p>Como tratamento padr\u00e3o, preconiza-se a remo\u00e7\u00e3o desses p\u00f3lipos por via endosc\u00f3pica, utilizando a t\u00e9cnica e os recursos adequados. <\/p>\n\n\n\n<h2 class=\"wp-block-heading\" id=\"h-conclusao\"><strong>Conclus\u00e3o<\/strong> <\/h2>\n\n\n\n<p class=\"has-pale-ocean-gradient-background has-background\">A investiga\u00e7\u00e3o do sangramento corretal persistente em crian\u00e7as com menos de 10 anos deve incluir a realiza\u00e7\u00e3o de colonoscopia. Na presen\u00e7a de um p\u00f3lipo hamartomatoso juvenil espor\u00e1dico, ap\u00f3s a completa remo\u00e7\u00e3o, dado o baixo risco de transforma\u00e7\u00e3o maligna, n\u00e3o h\u00e1 indica\u00e7\u00e3o de repetir a colonoscopia rotineiramente ou encaminhamento para aconselhamento gen\u00e9tico, eliminando a necessidade de qualquer acompanhamento posterior adicional. <\/p>\n\n\n\n<h2 class=\"wp-block-heading\" id=\"h-referencias\"><strong>Refer\u00eancias<\/strong><\/h2>\n\n\n\n<ol class=\"wp-block-list\">\n<li>Yachha SK, Khanduri A, Sharma BC, Kumar M. Gastrointestinal bleeding in children. Journal of Gastroenteroly and Hepatology. 1996;11:903\u2013907.<\/li>\n\n\n\n<li>Colonoscopic finding in children with lower gastrointestinal complaints. Journal of Gastroenteroly and Hepatology. 2023 Nov 8;7(12):863-868.<\/li>\n\n\n\n<li>Current role of colonoscopy in infants and young children: a multicenter study.&nbsp; BMC Gastroenterology. 2019; 19: 149.<\/li>\n\n\n\n<li>A solitary rectal juvenile polyp with chicken skin-like changes in the surrounding mucosa in an adult: A case report. Experimental and&nbsp; Therapeutic Medicine. 2023 Apr; 25(4): 185.<\/li>\n\n\n\n<li>Cancer risk and mortality in patients with solitary juvenile polyps\u2014A nationwide cohort study with matched controls. United European Gastroenterology Journal. jul, 2023.<\/li>\n\n\n\n<li>Figueiredo LZ, Martins BC. S\u00edndrome da Polipose Juvenil. Endoscopia Terap\u00eautica. 2022; vol 1. Dispon\u00edvel em: endoscopiaterapeutica.net\/pt\/assuntosgerais\/sindrome-da-polipose-juvenil.<\/li>\n<\/ol>\n\n\n\n<h2 class=\"wp-block-heading\" id=\"h-como-citar-este-artigo\"><strong>Como citar este artigo<\/strong><\/h2>\n\n\n\n<p class=\"has-very-light-gray-to-cyan-bluish-gray-gradient-background has-background\">Vieira BB. P\u00f3lipo hamartomatoso juvenil solit\u00e1rio pedi\u00e1trico: relato de caso e revis\u00e3o de literatura. Endoscopia Terapeutica 2024, Vol I. dispon\u00edvel em: <a href=\"https:\/\/endoscopiaterapeutica.net\/pt\/?p=18407\" target=\"_blank\" rel=\"noreferrer noopener\">https:\/\/endoscopiaterapeutica.net\/pt\/assuntosgerais\/polipo-hamartomatoso-juvenil-solitario-pediatrico-relato-de-caso-e-revisao-de-literatura\/<\/a><\/p>\n","protected":false},"excerpt":{"rendered":"<p>Paciente do sexo feminino, 4 anos de idade, apresentando epis\u00f3dios recorrentes de sangramento retal&hellip;<\/p>\n","protected":false},"author":5668,"featured_media":18408,"comment_status":"open","ping_status":"open","sticky":false,"template":"","format":"standard","meta":{"_lmt_disableupdate":"","_lmt_disable":"","footnotes":""},"categories":[150,741],"tags":[],"ano":[742],"tipo":[156],"volume":[263],"class_list":["post-18407","post","type-post","status-publish","format-standard","has-post-thumbnail","hentry","category-casosclinicos","category-traduzir","ano-742","tipo-colonoscopia","volume-volume-i"],"yoast_head":"<!-- This site is optimized with the Yoast SEO Premium plugin v27.2 (Yoast SEO v27.4) - https:\/\/yoast.com\/product\/yoast-seo-premium-wordpress\/ -->\n<title>P\u00f3lipo hamartomatoso juvenil solit\u00e1rio pedi\u00e1trico: relato de caso e revis\u00e3o de literatura. &#8226; Endoscopia Terapeutica<\/title>\n<meta name=\"description\" content=\"P\u00f3lipo hamartomatoso juvenil solit\u00e1rio pedi\u00e1trico: relato de caso e revis\u00e3o de literatura.\" \/>\n<meta name=\"robots\" content=\"index, follow, max-snippet:-1, max-image-preview:large, max-video-preview:-1\" \/>\n<link rel=\"canonical\" href=\"https:\/\/endoscopiaterapeutica.net\/pt\/casosclinicos\/polipo-hamartomatoso-juvenil-solitario-pediatrico-relato-de-caso-e-revisao-de-literatura\/\" \/>\n<meta property=\"og:locale\" content=\"pt_BR\" \/>\n<meta property=\"og:type\" content=\"article\" \/>\n<meta property=\"og:title\" content=\"P\u00f3lipo hamartomatoso juvenil solit\u00e1rio pedi\u00e1trico: relato de caso e revis\u00e3o de literatura.\" \/>\n<meta property=\"og:description\" content=\"Paciente do sexo feminino, 4 anos de idade, apresentando epis\u00f3dios recorrentes de sangramento retal (hematoquezia) h\u00e1 11 meses, sem instabilidade\" \/>\n<meta property=\"og:url\" content=\"https:\/\/endoscopiaterapeutica.net\/pt\/casosclinicos\/polipo-hamartomatoso-juvenil-solitario-pediatrico-relato-de-caso-e-revisao-de-literatura\/\" \/>\n<meta property=\"og:site_name\" content=\"Endoscopia Terapeutica\" \/>\n<meta property=\"article:publisher\" content=\"https:\/\/www.facebook.com\/endoscopiaterapeutica\" \/>\n<meta property=\"article:published_time\" content=\"2024-04-02T07:00:10+00:00\" \/>\n<meta property=\"article:modified_time\" content=\"2024-04-02T21:35:49+00:00\" \/>\n<meta property=\"og:image\" content=\"https:\/\/endoscopiaterapeutica.net\/pt\/wp-content\/uploads\/2024\/03\/FOTO-1-Polipo-na-luz-branca.jpg?v=1711471517\" \/>\n\t<meta property=\"og:image:width\" content=\"1280\" \/>\n\t<meta property=\"og:image:height\" content=\"1024\" \/>\n\t<meta property=\"og:image:type\" content=\"image\/jpeg\" \/>\n<meta name=\"author\" content=\"Bruno Bezerra Vieira\" \/>\n<meta name=\"twitter:card\" content=\"summary_large_image\" \/>\n<meta name=\"twitter:label1\" content=\"Escrito por\" \/>\n\t<meta name=\"twitter:data1\" content=\"Bruno Bezerra Vieira\" \/>\n\t<meta name=\"twitter:label2\" content=\"Est. tempo de leitura\" \/>\n\t<meta name=\"twitter:data2\" content=\"8 minutos\" \/>\n<script type=\"application\/ld+json\" class=\"yoast-schema-graph\">{\"@context\":\"https:\\\/\\\/schema.org\",\"@graph\":[{\"@type\":\"Article\",\"@id\":\"https:\\\/\\\/endoscopiaterapeutica.net\\\/pt\\\/casosclinicos\\\/polipo-hamartomatoso-juvenil-solitario-pediatrico-relato-de-caso-e-revisao-de-literatura\\\/#article\",\"isPartOf\":{\"@id\":\"https:\\\/\\\/endoscopiaterapeutica.net\\\/pt\\\/casosclinicos\\\/polipo-hamartomatoso-juvenil-solitario-pediatrico-relato-de-caso-e-revisao-de-literatura\\\/\"},\"author\":{\"name\":\"Bruno Bezerra Vieira\",\"@id\":\"https:\\\/\\\/endoscopiaterapeutica.net\\\/pt\\\/#\\\/schema\\\/person\\\/a654f22644ca7479b4b177d5f51088e8\"},\"headline\":\"P\u00f3lipo hamartomatoso juvenil solit\u00e1rio pedi\u00e1trico: relato de caso e revis\u00e3o de literatura.\",\"datePublished\":\"2024-04-02T07:00:10+00:00\",\"dateModified\":\"2024-04-02T21:35:49+00:00\",\"mainEntityOfPage\":{\"@id\":\"https:\\\/\\\/endoscopiaterapeutica.net\\\/pt\\\/casosclinicos\\\/polipo-hamartomatoso-juvenil-solitario-pediatrico-relato-de-caso-e-revisao-de-literatura\\\/\"},\"wordCount\":1102,\"commentCount\":0,\"publisher\":{\"@id\":\"https:\\\/\\\/endoscopiaterapeutica.net\\\/pt\\\/#organization\"},\"image\":{\"@id\":\"https:\\\/\\\/endoscopiaterapeutica.net\\\/pt\\\/casosclinicos\\\/polipo-hamartomatoso-juvenil-solitario-pediatrico-relato-de-caso-e-revisao-de-literatura\\\/#primaryimage\"},\"thumbnailUrl\":\"https:\\\/\\\/endoscopiaterapeutica.net\\\/pt\\\/wp-content\\\/uploads\\\/2024\\\/03\\\/FOTO-1-Polipo-na-luz-branca.jpg?v=1711471517\",\"articleSection\":[\"Casos Cl\u00ednicos\",\"Traduzir\"],\"inLanguage\":\"pt-BR\",\"potentialAction\":[{\"@type\":\"CommentAction\",\"name\":\"Comment\",\"target\":[\"https:\\\/\\\/endoscopiaterapeutica.net\\\/pt\\\/casosclinicos\\\/polipo-hamartomatoso-juvenil-solitario-pediatrico-relato-de-caso-e-revisao-de-literatura\\\/#respond\"]}]},{\"@type\":\"WebPage\",\"@id\":\"https:\\\/\\\/endoscopiaterapeutica.net\\\/pt\\\/casosclinicos\\\/polipo-hamartomatoso-juvenil-solitario-pediatrico-relato-de-caso-e-revisao-de-literatura\\\/\",\"url\":\"https:\\\/\\\/endoscopiaterapeutica.net\\\/pt\\\/casosclinicos\\\/polipo-hamartomatoso-juvenil-solitario-pediatrico-relato-de-caso-e-revisao-de-literatura\\\/\",\"name\":\"P\u00f3lipo hamartomatoso juvenil solit\u00e1rio pedi\u00e1trico: relato de caso e revis\u00e3o de literatura. &#8226; Endoscopia Terapeutica\",\"isPartOf\":{\"@id\":\"https:\\\/\\\/endoscopiaterapeutica.net\\\/pt\\\/#website\"},\"primaryImageOfPage\":{\"@id\":\"https:\\\/\\\/endoscopiaterapeutica.net\\\/pt\\\/casosclinicos\\\/polipo-hamartomatoso-juvenil-solitario-pediatrico-relato-de-caso-e-revisao-de-literatura\\\/#primaryimage\"},\"image\":{\"@id\":\"https:\\\/\\\/endoscopiaterapeutica.net\\\/pt\\\/casosclinicos\\\/polipo-hamartomatoso-juvenil-solitario-pediatrico-relato-de-caso-e-revisao-de-literatura\\\/#primaryimage\"},\"thumbnailUrl\":\"https:\\\/\\\/endoscopiaterapeutica.net\\\/pt\\\/wp-content\\\/uploads\\\/2024\\\/03\\\/FOTO-1-Polipo-na-luz-branca.jpg?v=1711471517\",\"datePublished\":\"2024-04-02T07:00:10+00:00\",\"dateModified\":\"2024-04-02T21:35:49+00:00\",\"description\":\"P\u00f3lipo hamartomatoso juvenil solit\u00e1rio pedi\u00e1trico: relato de caso e revis\u00e3o de literatura.\",\"breadcrumb\":{\"@id\":\"https:\\\/\\\/endoscopiaterapeutica.net\\\/pt\\\/casosclinicos\\\/polipo-hamartomatoso-juvenil-solitario-pediatrico-relato-de-caso-e-revisao-de-literatura\\\/#breadcrumb\"},\"inLanguage\":\"pt-BR\",\"potentialAction\":[{\"@type\":\"ReadAction\",\"target\":[\"https:\\\/\\\/endoscopiaterapeutica.net\\\/pt\\\/casosclinicos\\\/polipo-hamartomatoso-juvenil-solitario-pediatrico-relato-de-caso-e-revisao-de-literatura\\\/\"]}]},{\"@type\":\"ImageObject\",\"inLanguage\":\"pt-BR\",\"@id\":\"https:\\\/\\\/endoscopiaterapeutica.net\\\/pt\\\/casosclinicos\\\/polipo-hamartomatoso-juvenil-solitario-pediatrico-relato-de-caso-e-revisao-de-literatura\\\/#primaryimage\",\"url\":\"https:\\\/\\\/endoscopiaterapeutica.net\\\/pt\\\/wp-content\\\/uploads\\\/2024\\\/03\\\/FOTO-1-Polipo-na-luz-branca.jpg?v=1711471517\",\"contentUrl\":\"https:\\\/\\\/endoscopiaterapeutica.net\\\/pt\\\/wp-content\\\/uploads\\\/2024\\\/03\\\/FOTO-1-Polipo-na-luz-branca.jpg?v=1711471517\",\"width\":1280,\"height\":1024},{\"@type\":\"BreadcrumbList\",\"@id\":\"https:\\\/\\\/endoscopiaterapeutica.net\\\/pt\\\/casosclinicos\\\/polipo-hamartomatoso-juvenil-solitario-pediatrico-relato-de-caso-e-revisao-de-literatura\\\/#breadcrumb\",\"itemListElement\":[{\"@type\":\"ListItem\",\"position\":1,\"name\":\"Home\",\"item\":\"https:\\\/\\\/endoscopiaterapeutica.net\\\/pt\\\/\"},{\"@type\":\"ListItem\",\"position\":2,\"name\":\"P\u00f3lipo hamartomatoso juvenil solit\u00e1rio pedi\u00e1trico: relato de caso e revis\u00e3o de literatura.\"}]},{\"@type\":\"WebSite\",\"@id\":\"https:\\\/\\\/endoscopiaterapeutica.net\\\/pt\\\/#website\",\"url\":\"https:\\\/\\\/endoscopiaterapeutica.net\\\/pt\\\/\",\"name\":\"Endoscopia Terapeutica\",\"description\":\"O Jornal Endoscopia Terap\u00eautica tem como objetivo compartilhar experi\u00eancias da pr\u00e1tica di\u00e1ria, al\u00e9m de prover atualiza\u00e7\u00f5es e discuss\u00f5es sobre endoscopia digestiva.\",\"publisher\":{\"@id\":\"https:\\\/\\\/endoscopiaterapeutica.net\\\/pt\\\/#organization\"},\"potentialAction\":[{\"@type\":\"SearchAction\",\"target\":{\"@type\":\"EntryPoint\",\"urlTemplate\":\"https:\\\/\\\/endoscopiaterapeutica.net\\\/pt\\\/?s={search_term_string}\"},\"query-input\":{\"@type\":\"PropertyValueSpecification\",\"valueRequired\":true,\"valueName\":\"search_term_string\"}}],\"inLanguage\":\"pt-BR\"},{\"@type\":\"Organization\",\"@id\":\"https:\\\/\\\/endoscopiaterapeutica.net\\\/pt\\\/#organization\",\"name\":\"Endoscopia Terapeutica\",\"url\":\"https:\\\/\\\/endoscopiaterapeutica.net\\\/pt\\\/\",\"logo\":{\"@type\":\"ImageObject\",\"inLanguage\":\"pt-BR\",\"@id\":\"https:\\\/\\\/endoscopiaterapeutica.net\\\/pt\\\/#\\\/schema\\\/logo\\\/image\\\/\",\"url\":\"https:\\\/\\\/endoscopiaterapeutica.net\\\/pt\\\/wp-content\\\/uploads\\\/2023\\\/09\\\/endter.jpg\",\"contentUrl\":\"https:\\\/\\\/endoscopiaterapeutica.net\\\/pt\\\/wp-content\\\/uploads\\\/2023\\\/09\\\/endter.jpg\",\"width\":720,\"height\":721,\"caption\":\"Endoscopia Terapeutica\"},\"image\":{\"@id\":\"https:\\\/\\\/endoscopiaterapeutica.net\\\/pt\\\/#\\\/schema\\\/logo\\\/image\\\/\"},\"sameAs\":[\"https:\\\/\\\/www.facebook.com\\\/endoscopiaterapeutica\",\"https:\\\/\\\/www.instagram.com\\\/endoscopy\\\/\",\"https:\\\/\\\/www.youtube.com\\\/@endoscopyonline\"]},{\"@type\":\"Person\",\"@id\":\"https:\\\/\\\/endoscopiaterapeutica.net\\\/pt\\\/#\\\/schema\\\/person\\\/a654f22644ca7479b4b177d5f51088e8\",\"name\":\"Bruno Bezerra Vieira\",\"image\":{\"@type\":\"ImageObject\",\"inLanguage\":\"pt-BR\",\"@id\":\"https:\\\/\\\/secure.gravatar.com\\\/avatar\\\/e01f2f80b894bf72e1ca088bfeb15b6473693c36cf9862180a2ce833f49731dd?s=96&d=mm&r=g\",\"url\":\"https:\\\/\\\/secure.gravatar.com\\\/avatar\\\/e01f2f80b894bf72e1ca088bfeb15b6473693c36cf9862180a2ce833f49731dd?s=96&d=mm&r=g\",\"contentUrl\":\"https:\\\/\\\/secure.gravatar.com\\\/avatar\\\/e01f2f80b894bf72e1ca088bfeb15b6473693c36cf9862180a2ce833f49731dd?s=96&d=mm&r=g\",\"caption\":\"Bruno Bezerra Vieira\"},\"description\":\"M\u00e9dico Assistente do Servi\u00e7o de Endoscopia do Hospital Get\u00falio Vargas (HGV-PE); M\u00e9dico Assistente do Servi\u00e7o de Endoscopia do Hospital Metropolitano de Alagoas (HMA-AL); Resid\u00eancia em Endoscopia Digestiva pelo IMIP-PE; Membro Titular da SOBED.\",\"url\":\"https:\\\/\\\/endoscopiaterapeutica.net\\\/pt\\\/author\\\/brunovieira\\\/\"}]}<\/script>\n<!-- \/ Yoast SEO Premium plugin. -->","yoast_head_json":{"title":"P\u00f3lipo hamartomatoso juvenil solit\u00e1rio pedi\u00e1trico: relato de caso e revis\u00e3o de literatura. &#8226; Endoscopia Terapeutica","description":"P\u00f3lipo hamartomatoso juvenil solit\u00e1rio pedi\u00e1trico: relato de caso e revis\u00e3o de literatura.","robots":{"index":"index","follow":"follow","max-snippet":"max-snippet:-1","max-image-preview":"max-image-preview:large","max-video-preview":"max-video-preview:-1"},"canonical":"https:\/\/endoscopiaterapeutica.net\/pt\/casosclinicos\/polipo-hamartomatoso-juvenil-solitario-pediatrico-relato-de-caso-e-revisao-de-literatura\/","og_locale":"pt_BR","og_type":"article","og_title":"P\u00f3lipo hamartomatoso juvenil solit\u00e1rio pedi\u00e1trico: relato de caso e revis\u00e3o de literatura.","og_description":"Paciente do sexo feminino, 4 anos de idade, apresentando epis\u00f3dios recorrentes de sangramento retal (hematoquezia) h\u00e1 11 meses, sem instabilidade","og_url":"https:\/\/endoscopiaterapeutica.net\/pt\/casosclinicos\/polipo-hamartomatoso-juvenil-solitario-pediatrico-relato-de-caso-e-revisao-de-literatura\/","og_site_name":"Endoscopia Terapeutica","article_publisher":"https:\/\/www.facebook.com\/endoscopiaterapeutica","article_published_time":"2024-04-02T07:00:10+00:00","article_modified_time":"2024-04-02T21:35:49+00:00","og_image":[{"width":1280,"height":1024,"url":"https:\/\/endoscopiaterapeutica.net\/pt\/wp-content\/uploads\/2024\/03\/FOTO-1-Polipo-na-luz-branca.jpg?v=1711471517","type":"image\/jpeg"}],"author":"Bruno Bezerra Vieira","twitter_card":"summary_large_image","twitter_misc":{"Escrito por":"Bruno Bezerra Vieira","Est. tempo de leitura":"8 minutos"},"schema":{"@context":"https:\/\/schema.org","@graph":[{"@type":"Article","@id":"https:\/\/endoscopiaterapeutica.net\/pt\/casosclinicos\/polipo-hamartomatoso-juvenil-solitario-pediatrico-relato-de-caso-e-revisao-de-literatura\/#article","isPartOf":{"@id":"https:\/\/endoscopiaterapeutica.net\/pt\/casosclinicos\/polipo-hamartomatoso-juvenil-solitario-pediatrico-relato-de-caso-e-revisao-de-literatura\/"},"author":{"name":"Bruno Bezerra Vieira","@id":"https:\/\/endoscopiaterapeutica.net\/pt\/#\/schema\/person\/a654f22644ca7479b4b177d5f51088e8"},"headline":"P\u00f3lipo hamartomatoso juvenil solit\u00e1rio pedi\u00e1trico: relato de caso e revis\u00e3o de literatura.","datePublished":"2024-04-02T07:00:10+00:00","dateModified":"2024-04-02T21:35:49+00:00","mainEntityOfPage":{"@id":"https:\/\/endoscopiaterapeutica.net\/pt\/casosclinicos\/polipo-hamartomatoso-juvenil-solitario-pediatrico-relato-de-caso-e-revisao-de-literatura\/"},"wordCount":1102,"commentCount":0,"publisher":{"@id":"https:\/\/endoscopiaterapeutica.net\/pt\/#organization"},"image":{"@id":"https:\/\/endoscopiaterapeutica.net\/pt\/casosclinicos\/polipo-hamartomatoso-juvenil-solitario-pediatrico-relato-de-caso-e-revisao-de-literatura\/#primaryimage"},"thumbnailUrl":"https:\/\/endoscopiaterapeutica.net\/pt\/wp-content\/uploads\/2024\/03\/FOTO-1-Polipo-na-luz-branca.jpg?v=1711471517","articleSection":["Casos Cl\u00ednicos","Traduzir"],"inLanguage":"pt-BR","potentialAction":[{"@type":"CommentAction","name":"Comment","target":["https:\/\/endoscopiaterapeutica.net\/pt\/casosclinicos\/polipo-hamartomatoso-juvenil-solitario-pediatrico-relato-de-caso-e-revisao-de-literatura\/#respond"]}]},{"@type":"WebPage","@id":"https:\/\/endoscopiaterapeutica.net\/pt\/casosclinicos\/polipo-hamartomatoso-juvenil-solitario-pediatrico-relato-de-caso-e-revisao-de-literatura\/","url":"https:\/\/endoscopiaterapeutica.net\/pt\/casosclinicos\/polipo-hamartomatoso-juvenil-solitario-pediatrico-relato-de-caso-e-revisao-de-literatura\/","name":"P\u00f3lipo hamartomatoso juvenil solit\u00e1rio pedi\u00e1trico: relato de caso e revis\u00e3o de literatura. &#8226; Endoscopia Terapeutica","isPartOf":{"@id":"https:\/\/endoscopiaterapeutica.net\/pt\/#website"},"primaryImageOfPage":{"@id":"https:\/\/endoscopiaterapeutica.net\/pt\/casosclinicos\/polipo-hamartomatoso-juvenil-solitario-pediatrico-relato-de-caso-e-revisao-de-literatura\/#primaryimage"},"image":{"@id":"https:\/\/endoscopiaterapeutica.net\/pt\/casosclinicos\/polipo-hamartomatoso-juvenil-solitario-pediatrico-relato-de-caso-e-revisao-de-literatura\/#primaryimage"},"thumbnailUrl":"https:\/\/endoscopiaterapeutica.net\/pt\/wp-content\/uploads\/2024\/03\/FOTO-1-Polipo-na-luz-branca.jpg?v=1711471517","datePublished":"2024-04-02T07:00:10+00:00","dateModified":"2024-04-02T21:35:49+00:00","description":"P\u00f3lipo hamartomatoso juvenil solit\u00e1rio pedi\u00e1trico: relato de caso e revis\u00e3o de literatura.","breadcrumb":{"@id":"https:\/\/endoscopiaterapeutica.net\/pt\/casosclinicos\/polipo-hamartomatoso-juvenil-solitario-pediatrico-relato-de-caso-e-revisao-de-literatura\/#breadcrumb"},"inLanguage":"pt-BR","potentialAction":[{"@type":"ReadAction","target":["https:\/\/endoscopiaterapeutica.net\/pt\/casosclinicos\/polipo-hamartomatoso-juvenil-solitario-pediatrico-relato-de-caso-e-revisao-de-literatura\/"]}]},{"@type":"ImageObject","inLanguage":"pt-BR","@id":"https:\/\/endoscopiaterapeutica.net\/pt\/casosclinicos\/polipo-hamartomatoso-juvenil-solitario-pediatrico-relato-de-caso-e-revisao-de-literatura\/#primaryimage","url":"https:\/\/endoscopiaterapeutica.net\/pt\/wp-content\/uploads\/2024\/03\/FOTO-1-Polipo-na-luz-branca.jpg?v=1711471517","contentUrl":"https:\/\/endoscopiaterapeutica.net\/pt\/wp-content\/uploads\/2024\/03\/FOTO-1-Polipo-na-luz-branca.jpg?v=1711471517","width":1280,"height":1024},{"@type":"BreadcrumbList","@id":"https:\/\/endoscopiaterapeutica.net\/pt\/casosclinicos\/polipo-hamartomatoso-juvenil-solitario-pediatrico-relato-de-caso-e-revisao-de-literatura\/#breadcrumb","itemListElement":[{"@type":"ListItem","position":1,"name":"Home","item":"https:\/\/endoscopiaterapeutica.net\/pt\/"},{"@type":"ListItem","position":2,"name":"P\u00f3lipo hamartomatoso juvenil solit\u00e1rio pedi\u00e1trico: relato de caso e revis\u00e3o de literatura."}]},{"@type":"WebSite","@id":"https:\/\/endoscopiaterapeutica.net\/pt\/#website","url":"https:\/\/endoscopiaterapeutica.net\/pt\/","name":"Endoscopia Terapeutica","description":"O Jornal Endoscopia Terap\u00eautica tem como objetivo compartilhar experi\u00eancias da pr\u00e1tica di\u00e1ria, al\u00e9m de prover atualiza\u00e7\u00f5es e discuss\u00f5es sobre endoscopia digestiva.","publisher":{"@id":"https:\/\/endoscopiaterapeutica.net\/pt\/#organization"},"potentialAction":[{"@type":"SearchAction","target":{"@type":"EntryPoint","urlTemplate":"https:\/\/endoscopiaterapeutica.net\/pt\/?s={search_term_string}"},"query-input":{"@type":"PropertyValueSpecification","valueRequired":true,"valueName":"search_term_string"}}],"inLanguage":"pt-BR"},{"@type":"Organization","@id":"https:\/\/endoscopiaterapeutica.net\/pt\/#organization","name":"Endoscopia Terapeutica","url":"https:\/\/endoscopiaterapeutica.net\/pt\/","logo":{"@type":"ImageObject","inLanguage":"pt-BR","@id":"https:\/\/endoscopiaterapeutica.net\/pt\/#\/schema\/logo\/image\/","url":"https:\/\/endoscopiaterapeutica.net\/pt\/wp-content\/uploads\/2023\/09\/endter.jpg","contentUrl":"https:\/\/endoscopiaterapeutica.net\/pt\/wp-content\/uploads\/2023\/09\/endter.jpg","width":720,"height":721,"caption":"Endoscopia Terapeutica"},"image":{"@id":"https:\/\/endoscopiaterapeutica.net\/pt\/#\/schema\/logo\/image\/"},"sameAs":["https:\/\/www.facebook.com\/endoscopiaterapeutica","https:\/\/www.instagram.com\/endoscopy\/","https:\/\/www.youtube.com\/@endoscopyonline"]},{"@type":"Person","@id":"https:\/\/endoscopiaterapeutica.net\/pt\/#\/schema\/person\/a654f22644ca7479b4b177d5f51088e8","name":"Bruno Bezerra Vieira","image":{"@type":"ImageObject","inLanguage":"pt-BR","@id":"https:\/\/secure.gravatar.com\/avatar\/e01f2f80b894bf72e1ca088bfeb15b6473693c36cf9862180a2ce833f49731dd?s=96&d=mm&r=g","url":"https:\/\/secure.gravatar.com\/avatar\/e01f2f80b894bf72e1ca088bfeb15b6473693c36cf9862180a2ce833f49731dd?s=96&d=mm&r=g","contentUrl":"https:\/\/secure.gravatar.com\/avatar\/e01f2f80b894bf72e1ca088bfeb15b6473693c36cf9862180a2ce833f49731dd?s=96&d=mm&r=g","caption":"Bruno Bezerra Vieira"},"description":"M\u00e9dico Assistente do Servi\u00e7o de Endoscopia do Hospital Get\u00falio Vargas (HGV-PE); M\u00e9dico Assistente do Servi\u00e7o de Endoscopia do Hospital Metropolitano de Alagoas (HMA-AL); Resid\u00eancia em Endoscopia Digestiva pelo IMIP-PE; Membro Titular da SOBED.","url":"https:\/\/endoscopiaterapeutica.net\/pt\/author\/brunovieira\/"}]}},"_links":{"self":[{"href":"https:\/\/endoscopiaterapeutica.net\/pt\/wp-json\/wp\/v2\/posts\/18407","targetHints":{"allow":["GET"]}}],"collection":[{"href":"https:\/\/endoscopiaterapeutica.net\/pt\/wp-json\/wp\/v2\/posts"}],"about":[{"href":"https:\/\/endoscopiaterapeutica.net\/pt\/wp-json\/wp\/v2\/types\/post"}],"author":[{"embeddable":true,"href":"https:\/\/endoscopiaterapeutica.net\/pt\/wp-json\/wp\/v2\/users\/5668"}],"replies":[{"embeddable":true,"href":"https:\/\/endoscopiaterapeutica.net\/pt\/wp-json\/wp\/v2\/comments?post=18407"}],"version-history":[{"count":3,"href":"https:\/\/endoscopiaterapeutica.net\/pt\/wp-json\/wp\/v2\/posts\/18407\/revisions"}],"predecessor-version":[{"id":18430,"href":"https:\/\/endoscopiaterapeutica.net\/pt\/wp-json\/wp\/v2\/posts\/18407\/revisions\/18430"}],"wp:featuredmedia":[{"embeddable":true,"href":"https:\/\/endoscopiaterapeutica.net\/pt\/wp-json\/wp\/v2\/media\/18408"}],"wp:attachment":[{"href":"https:\/\/endoscopiaterapeutica.net\/pt\/wp-json\/wp\/v2\/media?parent=18407"}],"wp:term":[{"taxonomy":"category","embeddable":true,"href":"https:\/\/endoscopiaterapeutica.net\/pt\/wp-json\/wp\/v2\/categories?post=18407"},{"taxonomy":"post_tag","embeddable":true,"href":"https:\/\/endoscopiaterapeutica.net\/pt\/wp-json\/wp\/v2\/tags?post=18407"},{"taxonomy":"ano","embeddable":true,"href":"https:\/\/endoscopiaterapeutica.net\/pt\/wp-json\/wp\/v2\/ano?post=18407"},{"taxonomy":"tipo","embeddable":true,"href":"https:\/\/endoscopiaterapeutica.net\/pt\/wp-json\/wp\/v2\/tipo?post=18407"},{"taxonomy":"volume","embeddable":true,"href":"https:\/\/endoscopiaterapeutica.net\/pt\/wp-json\/wp\/v2\/volume?post=18407"}],"curies":[{"name":"wp","href":"https:\/\/api.w.org\/{rel}","templated":true}]}}