{"id":15011,"date":"2023-02-08T06:30:00","date_gmt":"2023-02-08T06:30:00","guid":{"rendered":"https:\/\/endoscopiaterapeutica.net\/pt\/?p=15011"},"modified":"2023-02-07T16:36:03","modified_gmt":"2023-02-07T16:36:03","slug":"tumor-de-celulas-granulares-do-esofago-relato-de-caso-com-revisao-da-literatura","status":"publish","type":"post","link":"https:\/\/endoscopiaterapeutica.net\/pt\/casosclinicos\/tumor-de-celulas-granulares-do-esofago-relato-de-caso-com-revisao-da-literatura\/","title":{"rendered":"Tumor de c\u00e9lulas granulares do es\u00f4fago: relato de caso com revis\u00e3o da literatura"},"content":{"rendered":"\n<h2 class=\"wp-block-heading\"><strong>Relato de Caso<\/strong><\/h2>\n\n\n\n<p>Mulher, 49 anos, hipertensa, sem hist\u00f3ria familiar ou passados cir\u00fargicos significativos, procurou o servi\u00e7o para realizar endoscopia diagn\u00f3stica devido \u00e0 distens\u00e3o intermitente e regurgita\u00e7\u00e3o. O exame f\u00edsico e os resultados dos exames laboratoriais n\u00e3o mostraram nenhuma anormalidade significativa, enquanto a endoscopia digestiva alta evidenciou les\u00e3o nodular branco-amarelada de aspecto subepitelial e consist\u00eancia fibroel\u00e1stica em es\u00f4fago distal, medindo aproximadamente 6mm.<\/p>\n\n\n<div class=\"wp-block-image\">\n<figure class=\"aligncenter size-full\"><a href=\"https:\/\/endoscopiaterapeutica.net\/pt\/wp-content\/uploads\/2023\/01\/fig-1.jpg\" data-rel=\"penci-gallery-image-content\" ><img fetchpriority=\"high\" decoding=\"async\" width=\"390\" height=\"307\" src=\"https:\/\/endoscopiaterapeutica.net\/pt\/wp-content\/uploads\/2023\/01\/fig-1.jpg\" alt=\"\" class=\"wp-image-15012\" srcset=\"https:\/\/endoscopiaterapeutica.net\/pt\/wp-content\/uploads\/2023\/01\/fig-1.jpg?v=1674061306 390w, https:\/\/endoscopiaterapeutica.net\/pt\/wp-content\/uploads\/2023\/01\/fig-1-300x236.jpg?v=1674061306 300w\" sizes=\"(max-width: 390px) 100vw, 390px\" \/><\/a><figcaption class=\"wp-element-caption\"><strong>Tumor de c\u00e9lulas granulares (vis\u00e3o endosc\u00f3pica)<\/strong><\/figcaption><\/figure>\n<\/div>\n\n\n<p>Foram realizadas bi\u00f3psias da les\u00e3o esof\u00e1gica, revelando tumor de c\u00e9lulas granulares esof\u00e1gicas.<\/p>\n\n\n\n<p>Optamos pela ressec\u00e7\u00e3o da les\u00e3o esof\u00e1gica e, portanto, foi solicitado exame complementar para seu estadiamento. <\/p>\n\n\n\n<p>\u00c0 ecoendoscopia, o diagn\u00f3stico de les\u00e3o subepitelial foi confirmado e a les\u00e3o foi descrita como oval, hipoec\u00f3ica, homog\u00eanea, de aproximadamente 5,6 mm x 1,6 mm, com limites precisos e contornos regulares, inserido na mucosa profunda, apresentando discreta invas\u00e3o da camada na submucosa e sem comprometimento de linfonodos regionais.<\/p>\n\n\n<div class=\"wp-block-image\">\n<figure class=\"aligncenter size-full\"><a href=\"https:\/\/endoscopiaterapeutica.net\/pt\/wp-content\/uploads\/2023\/01\/fig-2.jpg\" data-rel=\"penci-gallery-image-content\" ><img decoding=\"async\" width=\"460\" height=\"316\" src=\"https:\/\/endoscopiaterapeutica.net\/pt\/wp-content\/uploads\/2023\/01\/fig-2.jpg\" alt=\"\" class=\"wp-image-15014\" srcset=\"https:\/\/endoscopiaterapeutica.net\/pt\/wp-content\/uploads\/2023\/01\/fig-2.jpg?v=1674061409 460w, https:\/\/endoscopiaterapeutica.net\/pt\/wp-content\/uploads\/2023\/01\/fig-2-300x206.jpg?v=1674061409 300w\" sizes=\"(max-width: 460px) 100vw, 460px\" \/><\/a><figcaption class=\"wp-element-caption\"><strong>Tumor de c\u00e9lulas granulares (vis\u00e3o ecoendosc\u00f3pica)<\/strong><\/figcaption><\/figure>\n<\/div>\n\n\n<p>Quanto \u00e0 terap\u00eautica, optamos pela mucosectomia endosc\u00f3pica com aux\u00edlio de banda el\u00e1stica. O procedimento sucedeu com a identifica\u00e7\u00e3o da les\u00e3o, seguido de delimita\u00e7\u00e3o com banda el\u00e1stica e ressec\u00e7\u00e3o com al\u00e7a diat\u00e9rmica. \u00c0 macroscopia da pe\u00e7a, revelou-se livre de les\u00e3o \u00e0s margens laterais.<\/p>\n\n\n<div class=\"wp-block-image\">\n<figure class=\"aligncenter size-full\"><a href=\"https:\/\/endoscopiaterapeutica.net\/pt\/wp-content\/uploads\/2023\/01\/fig-3.jpg\" data-rel=\"penci-gallery-image-content\" ><img decoding=\"async\" width=\"432\" height=\"360\" src=\"https:\/\/endoscopiaterapeutica.net\/pt\/wp-content\/uploads\/2023\/01\/fig-3.jpg\" alt=\"\" class=\"wp-image-15015\" srcset=\"https:\/\/endoscopiaterapeutica.net\/pt\/wp-content\/uploads\/2023\/01\/fig-3.jpg?v=1674061494 432w, https:\/\/endoscopiaterapeutica.net\/pt\/wp-content\/uploads\/2023\/01\/fig-3-300x250.jpg?v=1674061494 300w\" sizes=\"(max-width: 432px) 100vw, 432px\" \/><\/a><figcaption class=\"wp-element-caption\"><strong>Tumor de c\u00e9lulas granulares (pe\u00e7a)<\/strong><\/figcaption><\/figure>\n<\/div>\n\n\n<p>A paciente permaneceu assintom\u00e1tica ap\u00f3s o procedimento e o estudo anatomopatol\u00f3gico confirmou o diagn\u00f3stico de tumor de c\u00e9lulas granulares localizado na submucosa, com margens laterais livres e profundas, afirmando a aus\u00eancia de malignidade.<\/p>\n\n\n<div class=\"wp-block-image\">\n<figure class=\"aligncenter size-full\"><a href=\"https:\/\/endoscopiaterapeutica.net\/pt\/wp-content\/uploads\/2023\/01\/fig-4.jpg\" data-rel=\"penci-gallery-image-content\" ><img loading=\"lazy\" decoding=\"async\" width=\"437\" height=\"428\" src=\"https:\/\/endoscopiaterapeutica.net\/pt\/wp-content\/uploads\/2023\/01\/fig-4.jpg\" alt=\"\" class=\"wp-image-15016\" srcset=\"https:\/\/endoscopiaterapeutica.net\/pt\/wp-content\/uploads\/2023\/01\/fig-4.jpg?v=1674061629 437w, https:\/\/endoscopiaterapeutica.net\/pt\/wp-content\/uploads\/2023\/01\/fig-4-300x294.jpg?v=1674061629 300w, https:\/\/endoscopiaterapeutica.net\/pt\/wp-content\/uploads\/2023\/01\/fig-4-70x70.jpg?v=1674061629 70w\" sizes=\"(max-width: 437px) 100vw, 437px\" \/><\/a><figcaption class=\"wp-element-caption\"><strong>Tumor de c\u00e9lulas granulares (l\u00e2mina anatomopatol\u00f3gico)<\/strong><\/figcaption><\/figure>\n<\/div>\n\n\n<h2 class=\"wp-block-heading\"><strong>Discuss\u00e3o<\/strong><\/h2>\n\n\n\n<p>Tal paciente est\u00e1 dentro do grupo epidemiol\u00f3gico mais acometido pelos tumores de c\u00e9lulas granulares do es\u00f4fago (TCG) e o diagn\u00f3stico, conforme aponta a literatura, foi feito acidentalmente. Sabe-se que, embora pequeno, h\u00e1 risco de crescimento e desenvolvimento de malignidade. Al\u00e9m disso, s\u00e3o evidentes os entraves quanto ao acompanhamento desses casos, logo, de acordo com a paciente, optamos pela ressec\u00e7\u00e3o endosc\u00f3pica.&nbsp;<\/p>\n\n\n\n<p>Os TCG foram descritos pela primeira vez por Abrikossoff em 1926 e aproximadamente 8% se desenvolvem no trato gastrointestinal, sendo o es\u00f4fago respons\u00e1vel por um a dois ter\u00e7os dos casos.<\/p>\n\n\n\n<p>Os TCG esof\u00e1gicos tamb\u00e9m podem ser:<\/p>\n\n\n\n<ul class=\"wp-block-list\">\n<li>Vermelhos ou branco-acinzentados<\/li>\n\n\n\n<li>Raramente ulcerados<\/li>\n\n\n\n<li>Origem neurog\u00eanica (derivada das c\u00e9lulas de Schwann)<\/li>\n\n\n\n<li>Pequeno potencial maligno (2 a 4%)<\/li>\n\n\n\n<li>Predominantes no sexo feminino e meia-idade<\/li>\n\n\n\n<li>Maioria assintom\u00e1tico (principalmente nos menores de 2cm)<\/li>\n\n\n\n<li>Achado incidental \u00e0 endoscopia na sua maioria<\/li>\n<\/ul>\n\n\n\n<p>EUS \u00e9 o melhor procedimento para avaliar les\u00f5es da submucosa gastrointestinal superior e deve ser realizado em todos os pacientes com o diagn\u00f3stico de TCG esof\u00e1gico, pois o tamanho do tumor e o grau de invas\u00e3o s\u00e3o importantes para definir o m\u00e9todo de tratamento.&nbsp;<\/p>\n\n\n\n<p>A confirma\u00e7\u00e3o diagn\u00f3stica pode ser realizada atrav\u00e9s de:<\/p>\n\n\n\n<ul class=\"wp-block-list\">\n<li>Endoscopia com bi\u00f3psia (confirma\u00e7\u00e3o em 50-83% dos casos);<\/li>\n\n\n\n<li>Ressec\u00e7\u00e3o endosc\u00f3pica da mucosa (EMR);<\/li>\n\n\n\n<li>Bi\u00f3psia guiada por EUS<\/li>\n\n\n\n<li>Aspira\u00e7\u00e3o por agulha fina guiada por EUS<\/li>\n<\/ul>\n\n\n\n<p>Por endoscopia e EUS, os TCG s\u00e3o dif\u00edceis de distinguir de outros tumores submucosos, por exemplo, leiomiomas ou tumores estromais gastrointestinais e, por isso, a an\u00e1lise histopatol\u00f3gica \u00e9 essencial (13).<\/p>\n\n\n\n<p>Um potencial maligno foi relatado em 2% a 4% dos TCGs esof\u00e1gicos, especialmente os maiores que 1cm. Os crit\u00e9rios histol\u00f3gicos de malignidade propostos por Fanburg-Smith ainda s\u00e3o discut\u00edveis entre os patologistas, sendo a met\u00e1stase o \u00fanico crit\u00e9rio de malignidade com concord\u00e2ncia un\u00e2nime. Portanto, a ressec\u00e7\u00e3o deve ser realizada, exceto nas les\u00f5es menores de 1 cm,&nbsp; em que os relatos na literatura sugerem conduta conservadora com endoscopia e EUS.<\/p>\n\n\n\n<p>Em geral, v\u00e1rias abordagens endosc\u00f3picas est\u00e3o dispon\u00edveis para tratar TCG, incluindo mucosectomia auxiliada por banda el\u00e1stica, vi\u00e1vel em casos confinados \u00e0 mucosa (16).<\/p>\n\n\n\n<p>Recomenda\u00e7\u00f5es de conduta da literatura:<\/p>\n\n\n\n<ul class=\"wp-block-list\">\n<li>Les\u00f5es menores que 1 cm: pode-se adotar conduta conservadora com endoscopia e\/ou EUS;<\/li>\n\n\n\n<li>Les\u00f5es entre 1 e 2 cm: ressec\u00e7\u00e3o endosc\u00f3pica da mucosa (EMR);<\/li>\n\n\n\n<li>Les\u00f5es entre 2 e 3 cm: ressec\u00e7\u00e3o endosc\u00f3pica submucosa<\/li>\n\n\n\n<li>Les\u00f5es maiores que 3cm, origin\u00e1rios da muscular pr\u00f3pria ou alta suspeita de malignidade: remo\u00e7\u00e3o cir\u00fargica com cirurgia aberta tradicional ou cirurgia toracosc\u00f3pica<\/li>\n<\/ul>\n\n\n\n<p>Nossa paciente est\u00e1 dentro do grupo epidemiol\u00f3gico mais acometido pelos tumores de c\u00e9lulas granulares do es\u00f4fago e seu diagn\u00f3stico foi estabelecido com ultrassonografia diagn\u00f3stica e USE. A conduta menos conservadora foi justificada pelo limite do risco de crescimento e potencial maligno da les\u00e3o junto \u00e0s limita\u00e7\u00f5es de realiza\u00e7\u00e3o de s\u00e9ries de EDA no \u00e2mbito do sistema p\u00fablico de sa\u00fade do pa\u00eds. Em rela\u00e7\u00e3o ao tratamento propriamente dito, optou-se por realizar a EMR com aux\u00edlio de banda el\u00e1stica, devido \u00e0 pequena dimens\u00e3o da les\u00e3o (6 mm) e \u00e0 restri\u00e7\u00e3o \u00e0 mucosa, conforme visualizado anteriormente na USE. O procedimento foi realizado com sucesso, sem complica\u00e7\u00f5es, e a amostra foi enviada para estudo anatomopatol\u00f3gico, confirmando o diagn\u00f3stico.<\/p>\n\n\n\n<h2 class=\"wp-block-heading\"><strong>Como citar este artigo<\/strong><\/h2>\n\n\n\n<p class=\"has-background\" style=\"background-color:#abb7c287\">Martins SFS.  Tumor de c\u00e9lulas granulares do es\u00f4fago: relato de caso com revis\u00e3o da literatura. Endoscopia Terapeutica 2023, vol 1. Dispon\u00edvel em: <a href=\"https:\/\/endoscopiaterapeutica.net\/pt\/?p=15011\" target=\"_blank\" rel=\"noreferrer noopener\">https:\/\/endoscopiaterapeutica.net\/pt\/uncategorized\/tumor-de-celulas-granulares-do-esofago-relato-de-caso-com-revisao-da-literatura\/<\/a><\/p>\n","protected":false},"excerpt":{"rendered":"<p>Relato de Caso Mulher, 49 anos, hipertensa, sem hist\u00f3ria familiar ou passados cir\u00fargicos significativos,&hellip;<\/p>\n","protected":false},"author":5616,"featured_media":15012,"comment_status":"open","ping_status":"open","sticky":false,"template":"","format":"standard","meta":{"_lmt_disableupdate":"","_lmt_disable":"","footnotes":""},"categories":[150],"tags":[],"ano":[555],"tipo":[153],"volume":[263],"class_list":["post-15011","post","type-post","status-publish","format-standard","has-post-thumbnail","hentry","category-casosclinicos","ano-555","tipo-endoscopia-digestiva-alta","volume-volume-i"],"yoast_head":"<!-- This site is optimized with the Yoast SEO Premium plugin v27.2 (Yoast SEO v27.4) - https:\/\/yoast.com\/product\/yoast-seo-premium-wordpress\/ -->\n<title>Tumor de c\u00e9lulas granulares do es\u00f4fago: relato de caso com revis\u00e3o da literatura &#8226; Endoscopia Terapeutica<\/title>\n<meta name=\"description\" content=\"Aproximadamente 8% dos tumores de c\u00e9lulas granulares se desenvolvem no trato gastrointestinal, sendo o es\u00f4fago o \u00f3rg\u00e3o mais frequente\" \/>\n<meta name=\"robots\" content=\"index, follow, max-snippet:-1, max-image-preview:large, max-video-preview:-1\" \/>\n<link rel=\"canonical\" href=\"https:\/\/endoscopiaterapeutica.net\/pt\/casosclinicos\/tumor-de-celulas-granulares-do-esofago-relato-de-caso-com-revisao-da-literatura\/\" \/>\n<meta property=\"og:locale\" content=\"pt_BR\" \/>\n<meta property=\"og:type\" content=\"article\" \/>\n<meta property=\"og:title\" content=\"Tumor de c\u00e9lulas granulares do es\u00f4fago: relato de caso com revis\u00e3o da literatura\" \/>\n<meta property=\"og:description\" content=\"Relato de Caso Mulher, 49 anos, hipertensa, sem hist\u00f3ria familiar ou passados cir\u00fargicos significativos, procurou o servi\u00e7o para realizar endoscopia\" \/>\n<meta property=\"og:url\" content=\"https:\/\/endoscopiaterapeutica.net\/pt\/casosclinicos\/tumor-de-celulas-granulares-do-esofago-relato-de-caso-com-revisao-da-literatura\/\" \/>\n<meta property=\"og:site_name\" content=\"Endoscopia Terapeutica\" \/>\n<meta property=\"article:publisher\" content=\"https:\/\/www.facebook.com\/endoscopiaterapeutica\" \/>\n<meta property=\"article:published_time\" content=\"2023-02-08T06:30:00+00:00\" \/>\n<meta property=\"og:image\" content=\"https:\/\/endoscopiaterapeutica.net\/pt\/wp-content\/uploads\/2023\/01\/fig-1.jpg?v=1674061306\" \/>\n\t<meta property=\"og:image:width\" content=\"390\" \/>\n\t<meta property=\"og:image:height\" content=\"307\" \/>\n\t<meta property=\"og:image:type\" content=\"image\/jpeg\" \/>\n<meta name=\"author\" content=\"S\u00e2mara Martins\" \/>\n<meta name=\"twitter:card\" content=\"summary_large_image\" \/>\n<meta name=\"twitter:label1\" content=\"Escrito por\" \/>\n\t<meta name=\"twitter:data1\" content=\"S\u00e2mara Martins\" \/>\n\t<meta name=\"twitter:label2\" content=\"Est. tempo de leitura\" \/>\n\t<meta name=\"twitter:data2\" content=\"6 minutos\" \/>\n<script type=\"application\/ld+json\" class=\"yoast-schema-graph\">{\"@context\":\"https:\\\/\\\/schema.org\",\"@graph\":[{\"@type\":\"Article\",\"@id\":\"https:\\\/\\\/endoscopiaterapeutica.net\\\/pt\\\/casosclinicos\\\/tumor-de-celulas-granulares-do-esofago-relato-de-caso-com-revisao-da-literatura\\\/#article\",\"isPartOf\":{\"@id\":\"https:\\\/\\\/endoscopiaterapeutica.net\\\/pt\\\/casosclinicos\\\/tumor-de-celulas-granulares-do-esofago-relato-de-caso-com-revisao-da-literatura\\\/\"},\"author\":{\"name\":\"S\u00e2mara Martins\",\"@id\":\"https:\\\/\\\/endoscopiaterapeutica.net\\\/pt\\\/#\\\/schema\\\/person\\\/7227e9b38cfaa0b992bbc46969d6c030\"},\"headline\":\"Tumor de c\u00e9lulas granulares do es\u00f4fago: relato de caso com revis\u00e3o da literatura\",\"datePublished\":\"2023-02-08T06:30:00+00:00\",\"mainEntityOfPage\":{\"@id\":\"https:\\\/\\\/endoscopiaterapeutica.net\\\/pt\\\/casosclinicos\\\/tumor-de-celulas-granulares-do-esofago-relato-de-caso-com-revisao-da-literatura\\\/\"},\"wordCount\":910,\"commentCount\":0,\"publisher\":{\"@id\":\"https:\\\/\\\/endoscopiaterapeutica.net\\\/pt\\\/#organization\"},\"image\":{\"@id\":\"https:\\\/\\\/endoscopiaterapeutica.net\\\/pt\\\/casosclinicos\\\/tumor-de-celulas-granulares-do-esofago-relato-de-caso-com-revisao-da-literatura\\\/#primaryimage\"},\"thumbnailUrl\":\"https:\\\/\\\/endoscopiaterapeutica.net\\\/pt\\\/wp-content\\\/uploads\\\/2023\\\/01\\\/fig-1.jpg?v=1674061306\",\"articleSection\":[\"Casos Cl\u00ednicos\"],\"inLanguage\":\"pt-BR\",\"potentialAction\":[{\"@type\":\"CommentAction\",\"name\":\"Comment\",\"target\":[\"https:\\\/\\\/endoscopiaterapeutica.net\\\/pt\\\/casosclinicos\\\/tumor-de-celulas-granulares-do-esofago-relato-de-caso-com-revisao-da-literatura\\\/#respond\"]}]},{\"@type\":\"WebPage\",\"@id\":\"https:\\\/\\\/endoscopiaterapeutica.net\\\/pt\\\/casosclinicos\\\/tumor-de-celulas-granulares-do-esofago-relato-de-caso-com-revisao-da-literatura\\\/\",\"url\":\"https:\\\/\\\/endoscopiaterapeutica.net\\\/pt\\\/casosclinicos\\\/tumor-de-celulas-granulares-do-esofago-relato-de-caso-com-revisao-da-literatura\\\/\",\"name\":\"Tumor de c\u00e9lulas granulares do es\u00f4fago: relato de caso com revis\u00e3o da literatura &#8226; Endoscopia Terapeutica\",\"isPartOf\":{\"@id\":\"https:\\\/\\\/endoscopiaterapeutica.net\\\/pt\\\/#website\"},\"primaryImageOfPage\":{\"@id\":\"https:\\\/\\\/endoscopiaterapeutica.net\\\/pt\\\/casosclinicos\\\/tumor-de-celulas-granulares-do-esofago-relato-de-caso-com-revisao-da-literatura\\\/#primaryimage\"},\"image\":{\"@id\":\"https:\\\/\\\/endoscopiaterapeutica.net\\\/pt\\\/casosclinicos\\\/tumor-de-celulas-granulares-do-esofago-relato-de-caso-com-revisao-da-literatura\\\/#primaryimage\"},\"thumbnailUrl\":\"https:\\\/\\\/endoscopiaterapeutica.net\\\/pt\\\/wp-content\\\/uploads\\\/2023\\\/01\\\/fig-1.jpg?v=1674061306\",\"datePublished\":\"2023-02-08T06:30:00+00:00\",\"description\":\"Aproximadamente 8% dos tumores de c\u00e9lulas granulares se desenvolvem no trato gastrointestinal, sendo o es\u00f4fago o \u00f3rg\u00e3o mais frequente\",\"breadcrumb\":{\"@id\":\"https:\\\/\\\/endoscopiaterapeutica.net\\\/pt\\\/casosclinicos\\\/tumor-de-celulas-granulares-do-esofago-relato-de-caso-com-revisao-da-literatura\\\/#breadcrumb\"},\"inLanguage\":\"pt-BR\",\"potentialAction\":[{\"@type\":\"ReadAction\",\"target\":[\"https:\\\/\\\/endoscopiaterapeutica.net\\\/pt\\\/casosclinicos\\\/tumor-de-celulas-granulares-do-esofago-relato-de-caso-com-revisao-da-literatura\\\/\"]}]},{\"@type\":\"ImageObject\",\"inLanguage\":\"pt-BR\",\"@id\":\"https:\\\/\\\/endoscopiaterapeutica.net\\\/pt\\\/casosclinicos\\\/tumor-de-celulas-granulares-do-esofago-relato-de-caso-com-revisao-da-literatura\\\/#primaryimage\",\"url\":\"https:\\\/\\\/endoscopiaterapeutica.net\\\/pt\\\/wp-content\\\/uploads\\\/2023\\\/01\\\/fig-1.jpg?v=1674061306\",\"contentUrl\":\"https:\\\/\\\/endoscopiaterapeutica.net\\\/pt\\\/wp-content\\\/uploads\\\/2023\\\/01\\\/fig-1.jpg?v=1674061306\",\"width\":390,\"height\":307},{\"@type\":\"BreadcrumbList\",\"@id\":\"https:\\\/\\\/endoscopiaterapeutica.net\\\/pt\\\/casosclinicos\\\/tumor-de-celulas-granulares-do-esofago-relato-de-caso-com-revisao-da-literatura\\\/#breadcrumb\",\"itemListElement\":[{\"@type\":\"ListItem\",\"position\":1,\"name\":\"Home\",\"item\":\"https:\\\/\\\/endoscopiaterapeutica.net\\\/pt\\\/\"},{\"@type\":\"ListItem\",\"position\":2,\"name\":\"Tumor de c\u00e9lulas granulares do es\u00f4fago: relato de caso com revis\u00e3o da literatura\"}]},{\"@type\":\"WebSite\",\"@id\":\"https:\\\/\\\/endoscopiaterapeutica.net\\\/pt\\\/#website\",\"url\":\"https:\\\/\\\/endoscopiaterapeutica.net\\\/pt\\\/\",\"name\":\"Endoscopia Terapeutica\",\"description\":\"O Jornal Endoscopia Terap\u00eautica tem como objetivo compartilhar experi\u00eancias da pr\u00e1tica di\u00e1ria, al\u00e9m de prover atualiza\u00e7\u00f5es e discuss\u00f5es sobre endoscopia digestiva.\",\"publisher\":{\"@id\":\"https:\\\/\\\/endoscopiaterapeutica.net\\\/pt\\\/#organization\"},\"potentialAction\":[{\"@type\":\"SearchAction\",\"target\":{\"@type\":\"EntryPoint\",\"urlTemplate\":\"https:\\\/\\\/endoscopiaterapeutica.net\\\/pt\\\/?s={search_term_string}\"},\"query-input\":{\"@type\":\"PropertyValueSpecification\",\"valueRequired\":true,\"valueName\":\"search_term_string\"}}],\"inLanguage\":\"pt-BR\"},{\"@type\":\"Organization\",\"@id\":\"https:\\\/\\\/endoscopiaterapeutica.net\\\/pt\\\/#organization\",\"name\":\"Endoscopia Terapeutica\",\"url\":\"https:\\\/\\\/endoscopiaterapeutica.net\\\/pt\\\/\",\"logo\":{\"@type\":\"ImageObject\",\"inLanguage\":\"pt-BR\",\"@id\":\"https:\\\/\\\/endoscopiaterapeutica.net\\\/pt\\\/#\\\/schema\\\/logo\\\/image\\\/\",\"url\":\"https:\\\/\\\/endoscopiaterapeutica.net\\\/pt\\\/wp-content\\\/uploads\\\/2023\\\/09\\\/endter.jpg\",\"contentUrl\":\"https:\\\/\\\/endoscopiaterapeutica.net\\\/pt\\\/wp-content\\\/uploads\\\/2023\\\/09\\\/endter.jpg\",\"width\":720,\"height\":721,\"caption\":\"Endoscopia Terapeutica\"},\"image\":{\"@id\":\"https:\\\/\\\/endoscopiaterapeutica.net\\\/pt\\\/#\\\/schema\\\/logo\\\/image\\\/\"},\"sameAs\":[\"https:\\\/\\\/www.facebook.com\\\/endoscopiaterapeutica\",\"https:\\\/\\\/www.instagram.com\\\/endoscopy\\\/\",\"https:\\\/\\\/www.youtube.com\\\/@endoscopyonline\"]},{\"@type\":\"Person\",\"@id\":\"https:\\\/\\\/endoscopiaterapeutica.net\\\/pt\\\/#\\\/schema\\\/person\\\/7227e9b38cfaa0b992bbc46969d6c030\",\"name\":\"S\u00e2mara Martins\",\"image\":{\"@type\":\"ImageObject\",\"inLanguage\":\"pt-BR\",\"@id\":\"https:\\\/\\\/endoscopiaterapeutica.com.br\\\/wp-content\\\/uploads\\\/2023\\\/01\\\/samara-96x96.jpg\",\"url\":\"https:\\\/\\\/endoscopiaterapeutica.com.br\\\/wp-content\\\/uploads\\\/2023\\\/01\\\/samara-96x96.jpg\",\"contentUrl\":\"https:\\\/\\\/endoscopiaterapeutica.com.br\\\/wp-content\\\/uploads\\\/2023\\\/01\\\/samara-96x96.jpg\",\"caption\":\"S\u00e2mara Martins\"},\"description\":\"Cirurgi\u00e3 Geral SES-SP; M\u00e9dica Endoscopista FMABC; T\u00edtulo de especialista SOBED; Mestranda em Ci\u00eancias da Sa\u00fade da Faculdade de Medicina do ABC de Santo Andr\u00e9; Hospita Geral Prado Valadares.\",\"url\":\"https:\\\/\\\/endoscopiaterapeutica.net\\\/pt\\\/author\\\/samaramartins\\\/\"}]}<\/script>\n<!-- \/ Yoast SEO Premium plugin. -->","yoast_head_json":{"title":"Tumor de c\u00e9lulas granulares do es\u00f4fago: relato de caso com revis\u00e3o da literatura &#8226; Endoscopia Terapeutica","description":"Aproximadamente 8% dos tumores de c\u00e9lulas granulares se desenvolvem no trato gastrointestinal, sendo o es\u00f4fago o \u00f3rg\u00e3o mais frequente","robots":{"index":"index","follow":"follow","max-snippet":"max-snippet:-1","max-image-preview":"max-image-preview:large","max-video-preview":"max-video-preview:-1"},"canonical":"https:\/\/endoscopiaterapeutica.net\/pt\/casosclinicos\/tumor-de-celulas-granulares-do-esofago-relato-de-caso-com-revisao-da-literatura\/","og_locale":"pt_BR","og_type":"article","og_title":"Tumor de c\u00e9lulas granulares do es\u00f4fago: relato de caso com revis\u00e3o da literatura","og_description":"Relato de Caso Mulher, 49 anos, hipertensa, sem hist\u00f3ria familiar ou passados cir\u00fargicos significativos, procurou o servi\u00e7o para realizar endoscopia","og_url":"https:\/\/endoscopiaterapeutica.net\/pt\/casosclinicos\/tumor-de-celulas-granulares-do-esofago-relato-de-caso-com-revisao-da-literatura\/","og_site_name":"Endoscopia Terapeutica","article_publisher":"https:\/\/www.facebook.com\/endoscopiaterapeutica","article_published_time":"2023-02-08T06:30:00+00:00","og_image":[{"width":390,"height":307,"url":"https:\/\/endoscopiaterapeutica.net\/pt\/wp-content\/uploads\/2023\/01\/fig-1.jpg?v=1674061306","type":"image\/jpeg"}],"author":"S\u00e2mara Martins","twitter_card":"summary_large_image","twitter_misc":{"Escrito por":"S\u00e2mara Martins","Est. tempo de leitura":"6 minutos"},"schema":{"@context":"https:\/\/schema.org","@graph":[{"@type":"Article","@id":"https:\/\/endoscopiaterapeutica.net\/pt\/casosclinicos\/tumor-de-celulas-granulares-do-esofago-relato-de-caso-com-revisao-da-literatura\/#article","isPartOf":{"@id":"https:\/\/endoscopiaterapeutica.net\/pt\/casosclinicos\/tumor-de-celulas-granulares-do-esofago-relato-de-caso-com-revisao-da-literatura\/"},"author":{"name":"S\u00e2mara Martins","@id":"https:\/\/endoscopiaterapeutica.net\/pt\/#\/schema\/person\/7227e9b38cfaa0b992bbc46969d6c030"},"headline":"Tumor de c\u00e9lulas granulares do es\u00f4fago: relato de caso com revis\u00e3o da literatura","datePublished":"2023-02-08T06:30:00+00:00","mainEntityOfPage":{"@id":"https:\/\/endoscopiaterapeutica.net\/pt\/casosclinicos\/tumor-de-celulas-granulares-do-esofago-relato-de-caso-com-revisao-da-literatura\/"},"wordCount":910,"commentCount":0,"publisher":{"@id":"https:\/\/endoscopiaterapeutica.net\/pt\/#organization"},"image":{"@id":"https:\/\/endoscopiaterapeutica.net\/pt\/casosclinicos\/tumor-de-celulas-granulares-do-esofago-relato-de-caso-com-revisao-da-literatura\/#primaryimage"},"thumbnailUrl":"https:\/\/endoscopiaterapeutica.net\/pt\/wp-content\/uploads\/2023\/01\/fig-1.jpg?v=1674061306","articleSection":["Casos Cl\u00ednicos"],"inLanguage":"pt-BR","potentialAction":[{"@type":"CommentAction","name":"Comment","target":["https:\/\/endoscopiaterapeutica.net\/pt\/casosclinicos\/tumor-de-celulas-granulares-do-esofago-relato-de-caso-com-revisao-da-literatura\/#respond"]}]},{"@type":"WebPage","@id":"https:\/\/endoscopiaterapeutica.net\/pt\/casosclinicos\/tumor-de-celulas-granulares-do-esofago-relato-de-caso-com-revisao-da-literatura\/","url":"https:\/\/endoscopiaterapeutica.net\/pt\/casosclinicos\/tumor-de-celulas-granulares-do-esofago-relato-de-caso-com-revisao-da-literatura\/","name":"Tumor de c\u00e9lulas granulares do es\u00f4fago: relato de caso com revis\u00e3o da literatura &#8226; Endoscopia Terapeutica","isPartOf":{"@id":"https:\/\/endoscopiaterapeutica.net\/pt\/#website"},"primaryImageOfPage":{"@id":"https:\/\/endoscopiaterapeutica.net\/pt\/casosclinicos\/tumor-de-celulas-granulares-do-esofago-relato-de-caso-com-revisao-da-literatura\/#primaryimage"},"image":{"@id":"https:\/\/endoscopiaterapeutica.net\/pt\/casosclinicos\/tumor-de-celulas-granulares-do-esofago-relato-de-caso-com-revisao-da-literatura\/#primaryimage"},"thumbnailUrl":"https:\/\/endoscopiaterapeutica.net\/pt\/wp-content\/uploads\/2023\/01\/fig-1.jpg?v=1674061306","datePublished":"2023-02-08T06:30:00+00:00","description":"Aproximadamente 8% dos tumores de c\u00e9lulas granulares se desenvolvem no trato gastrointestinal, sendo o es\u00f4fago o \u00f3rg\u00e3o mais frequente","breadcrumb":{"@id":"https:\/\/endoscopiaterapeutica.net\/pt\/casosclinicos\/tumor-de-celulas-granulares-do-esofago-relato-de-caso-com-revisao-da-literatura\/#breadcrumb"},"inLanguage":"pt-BR","potentialAction":[{"@type":"ReadAction","target":["https:\/\/endoscopiaterapeutica.net\/pt\/casosclinicos\/tumor-de-celulas-granulares-do-esofago-relato-de-caso-com-revisao-da-literatura\/"]}]},{"@type":"ImageObject","inLanguage":"pt-BR","@id":"https:\/\/endoscopiaterapeutica.net\/pt\/casosclinicos\/tumor-de-celulas-granulares-do-esofago-relato-de-caso-com-revisao-da-literatura\/#primaryimage","url":"https:\/\/endoscopiaterapeutica.net\/pt\/wp-content\/uploads\/2023\/01\/fig-1.jpg?v=1674061306","contentUrl":"https:\/\/endoscopiaterapeutica.net\/pt\/wp-content\/uploads\/2023\/01\/fig-1.jpg?v=1674061306","width":390,"height":307},{"@type":"BreadcrumbList","@id":"https:\/\/endoscopiaterapeutica.net\/pt\/casosclinicos\/tumor-de-celulas-granulares-do-esofago-relato-de-caso-com-revisao-da-literatura\/#breadcrumb","itemListElement":[{"@type":"ListItem","position":1,"name":"Home","item":"https:\/\/endoscopiaterapeutica.net\/pt\/"},{"@type":"ListItem","position":2,"name":"Tumor de c\u00e9lulas granulares do es\u00f4fago: relato de caso com revis\u00e3o da literatura"}]},{"@type":"WebSite","@id":"https:\/\/endoscopiaterapeutica.net\/pt\/#website","url":"https:\/\/endoscopiaterapeutica.net\/pt\/","name":"Endoscopia Terapeutica","description":"O Jornal Endoscopia Terap\u00eautica tem como objetivo compartilhar experi\u00eancias da pr\u00e1tica di\u00e1ria, al\u00e9m de prover atualiza\u00e7\u00f5es e discuss\u00f5es sobre endoscopia digestiva.","publisher":{"@id":"https:\/\/endoscopiaterapeutica.net\/pt\/#organization"},"potentialAction":[{"@type":"SearchAction","target":{"@type":"EntryPoint","urlTemplate":"https:\/\/endoscopiaterapeutica.net\/pt\/?s={search_term_string}"},"query-input":{"@type":"PropertyValueSpecification","valueRequired":true,"valueName":"search_term_string"}}],"inLanguage":"pt-BR"},{"@type":"Organization","@id":"https:\/\/endoscopiaterapeutica.net\/pt\/#organization","name":"Endoscopia Terapeutica","url":"https:\/\/endoscopiaterapeutica.net\/pt\/","logo":{"@type":"ImageObject","inLanguage":"pt-BR","@id":"https:\/\/endoscopiaterapeutica.net\/pt\/#\/schema\/logo\/image\/","url":"https:\/\/endoscopiaterapeutica.net\/pt\/wp-content\/uploads\/2023\/09\/endter.jpg","contentUrl":"https:\/\/endoscopiaterapeutica.net\/pt\/wp-content\/uploads\/2023\/09\/endter.jpg","width":720,"height":721,"caption":"Endoscopia Terapeutica"},"image":{"@id":"https:\/\/endoscopiaterapeutica.net\/pt\/#\/schema\/logo\/image\/"},"sameAs":["https:\/\/www.facebook.com\/endoscopiaterapeutica","https:\/\/www.instagram.com\/endoscopy\/","https:\/\/www.youtube.com\/@endoscopyonline"]},{"@type":"Person","@id":"https:\/\/endoscopiaterapeutica.net\/pt\/#\/schema\/person\/7227e9b38cfaa0b992bbc46969d6c030","name":"S\u00e2mara Martins","image":{"@type":"ImageObject","inLanguage":"pt-BR","@id":"https:\/\/endoscopiaterapeutica.com.br\/wp-content\/uploads\/2023\/01\/samara-96x96.jpg","url":"https:\/\/endoscopiaterapeutica.com.br\/wp-content\/uploads\/2023\/01\/samara-96x96.jpg","contentUrl":"https:\/\/endoscopiaterapeutica.com.br\/wp-content\/uploads\/2023\/01\/samara-96x96.jpg","caption":"S\u00e2mara Martins"},"description":"Cirurgi\u00e3 Geral SES-SP; M\u00e9dica Endoscopista FMABC; T\u00edtulo de especialista SOBED; Mestranda em Ci\u00eancias da Sa\u00fade da Faculdade de Medicina do ABC de Santo Andr\u00e9; Hospita Geral Prado Valadares.","url":"https:\/\/endoscopiaterapeutica.net\/pt\/author\/samaramartins\/"}]}},"_links":{"self":[{"href":"https:\/\/endoscopiaterapeutica.net\/pt\/wp-json\/wp\/v2\/posts\/15011","targetHints":{"allow":["GET"]}}],"collection":[{"href":"https:\/\/endoscopiaterapeutica.net\/pt\/wp-json\/wp\/v2\/posts"}],"about":[{"href":"https:\/\/endoscopiaterapeutica.net\/pt\/wp-json\/wp\/v2\/types\/post"}],"author":[{"embeddable":true,"href":"https:\/\/endoscopiaterapeutica.net\/pt\/wp-json\/wp\/v2\/users\/5616"}],"replies":[{"embeddable":true,"href":"https:\/\/endoscopiaterapeutica.net\/pt\/wp-json\/wp\/v2\/comments?post=15011"}],"version-history":[{"count":6,"href":"https:\/\/endoscopiaterapeutica.net\/pt\/wp-json\/wp\/v2\/posts\/15011\/revisions"}],"predecessor-version":[{"id":15166,"href":"https:\/\/endoscopiaterapeutica.net\/pt\/wp-json\/wp\/v2\/posts\/15011\/revisions\/15166"}],"wp:featuredmedia":[{"embeddable":true,"href":"https:\/\/endoscopiaterapeutica.net\/pt\/wp-json\/wp\/v2\/media\/15012"}],"wp:attachment":[{"href":"https:\/\/endoscopiaterapeutica.net\/pt\/wp-json\/wp\/v2\/media?parent=15011"}],"wp:term":[{"taxonomy":"category","embeddable":true,"href":"https:\/\/endoscopiaterapeutica.net\/pt\/wp-json\/wp\/v2\/categories?post=15011"},{"taxonomy":"post_tag","embeddable":true,"href":"https:\/\/endoscopiaterapeutica.net\/pt\/wp-json\/wp\/v2\/tags?post=15011"},{"taxonomy":"ano","embeddable":true,"href":"https:\/\/endoscopiaterapeutica.net\/pt\/wp-json\/wp\/v2\/ano?post=15011"},{"taxonomy":"tipo","embeddable":true,"href":"https:\/\/endoscopiaterapeutica.net\/pt\/wp-json\/wp\/v2\/tipo?post=15011"},{"taxonomy":"volume","embeddable":true,"href":"https:\/\/endoscopiaterapeutica.net\/pt\/wp-json\/wp\/v2\/volume?post=15011"}],"curies":[{"name":"wp","href":"https:\/\/api.w.org\/{rel}","templated":true}]}}